{"id":136421,"date":"2019-03-21T14:41:55","date_gmt":"2019-03-21T17:41:55","guid":{"rendered":"https:\/\/diarioregionaldigital.com.br\/?p=136421"},"modified":"2019-03-21T18:13:30","modified_gmt":"2019-03-21T21:13:30","slug":"projeto-de-lei-que-garante-o-desembarque-fora-dos-pontos-de-onibus-para-passageiros-com-mobilidade-reduzida-e-aprovado-na-camara","status":"publish","type":"post","link":"https:\/\/diarioregionaldigital.com.br\/?p=136421","title":{"rendered":"Projeto de lei que garante o desembarque fora dos pontos de \u00f4nibus para passageiros com mobilidade reduzida \u00e9 aprovado na C\u00e2mara"},"content":{"rendered":"<p>Flexibilizar o local de desembarque dos \u00f4nibus urbanos municipais para pessoas com defici\u00eancia e mobilidade reduzida, este \u00e9 o intuito do Projeto de Lei de autoria do vereador J\u00falio Obama Jr. (PHS), aprovado em 3\u00aa discuss\u00e3o ordin\u00e1ria desta quarta-feira, 20.<\/p>\n<p>O projeto estabelece que os passageiros com defici\u00eancia e mobilidade reduzida poder\u00e3o desembarcar em locais que ficam entre as paradas obrigat\u00f3rias, desde que seja respeitado o itiner\u00e1rio da linha e as exig\u00eancias do C\u00f3digo Nacional de Tr\u00e2nsito. A lei n\u00e3o se aplica para desembarque entre os pontos dos corredores exclusivos de \u00f4nibus do Sistema P\u00fablico de Transporte. Caso n\u00e3o seja poss\u00edvel parar no momento indicado pelo passageiro, o condutor deve identificar o local mais pr\u00f3ximo para o desembarque.<\/p>\n<p>Obama defende que flexibilizar o local de desembarque \u00e9 uma forma de promover medidas que possibilitem a equipara\u00e7\u00e3o das pessoas com defici\u00eancia e mobilidade reduzida. \u201cN\u00e3o \u00e9 sem raz\u00e3o que o desembarque fora do ponto de \u00f4nibus j\u00e1 vem sendo praticado nos \u00faltimos tempos, por meio de regulamentos administrativos, por\u00e9m, trata-se, desta feita, de assegurar e ampliar este direito, conferindo-lhe status de lei municipal, possibilitando-se, assim, sua plena legitimidade e repercuss\u00e3o social e institucional\u201d, ressaltou o vereador em sua justificativa.<\/p>\n<p>De acordo com o Estatuto da pessoa com defici\u00eancia, s\u00e3o consideradas pessoas com mobilidade reduzida aquelas que apresentam dificuldade de movimenta\u00e7\u00e3o permanente ou tempor\u00e1ria, que gere redu\u00e7\u00e3o efetiva da mobilidade, da flexibilidade, da coordena\u00e7\u00e3o motora ou da percep\u00e7\u00e3o. Portanto idosos, gestantes, lactantes, pessoas com crian\u00e7a de colo e obesos est\u00e3o inclu\u00eddos na categoria. J\u00e1 pessoas com defici\u00eancia s\u00e3o definidas pelo Estatuto como aquelas que t\u00eam impedimentos de longo prazo de natureza f\u00edsica, intelectual ou sensorial. O PL segue para san\u00e7\u00e3o do Executivo.<\/p>\n<p>&nbsp;<\/p>\n<p>Fonte: CMJF<\/p>\n","protected":false},"excerpt":{"rendered":"<p>Flexibilizar o local de desembarque dos \u00f4nibus urbanos municipais para pessoas com defici\u00eancia e mobilidade reduzida, este \u00e9 o intuito do Projeto de Lei de autoria do vereador J\u00falio Obama Jr. (PHS), aprovado em 3\u00aa discuss\u00e3o ordin\u00e1ria desta quarta-feira, 20. O projeto estabelece que os passageiros com defici\u00eancia e mobilidade reduzida poder\u00e3o desembarcar em locais [&hellip;]<\/p>\n","protected":false},"author":96,"featured_media":136423,"comment_status":"closed","ping_status":"closed","sticky":false,"template":"","format":"standard","meta":{"footnotes":""},"categories":[436,440,262,439],"tags":[],"class_list":["post-136421","post","type-post","status-publish","format-standard","has-post-thumbnail","hentry","category-destaque-da-semana","category-destaques-do-dia","category-noticias","category-ultima-hora"],"_links":{"self":[{"href":"https:\/\/diarioregionaldigital.com.br\/index.php?rest_route=\/wp\/v2\/posts\/136421","targetHints":{"allow":["GET"]}}],"collection":[{"href":"https:\/\/diarioregionaldigital.com.br\/index.php?rest_route=\/wp\/v2\/posts"}],"about":[{"href":"https:\/\/diarioregionaldigital.com.br\/index.php?rest_route=\/wp\/v2\/types\/post"}],"author":[{"embeddable":true,"href":"https:\/\/diarioregionaldigital.com.br\/index.php?rest_route=\/wp\/v2\/users\/96"}],"replies":[{"embeddable":true,"href":"https:\/\/diarioregionaldigital.com.br\/index.php?rest_route=%2Fwp%2Fv2%2Fcomments&post=136421"}],"version-history":[{"count":0,"href":"https:\/\/diarioregionaldigital.com.br\/index.php?rest_route=\/wp\/v2\/posts\/136421\/revisions"}],"wp:featuredmedia":[{"embeddable":true,"href":"https:\/\/diarioregionaldigital.com.br\/index.php?rest_route=\/wp\/v2\/media\/136423"}],"wp:attachment":[{"href":"https:\/\/diarioregionaldigital.com.br\/index.php?rest_route=%2Fwp%2Fv2%2Fmedia&parent=136421"}],"wp:term":[{"taxonomy":"category","embeddable":true,"href":"https:\/\/diarioregionaldigital.com.br\/index.php?rest_route=%2Fwp%2Fv2%2Fcategories&post=136421"},{"taxonomy":"post_tag","embeddable":true,"href":"https:\/\/diarioregionaldigital.com.br\/index.php?rest_route=%2Fwp%2Fv2%2Ftags&post=136421"}],"curies":[{"name":"wp","href":"https:\/\/api.w.org\/{rel}","templated":true}]}}