{"id":136417,"date":"2019-03-21T14:34:34","date_gmt":"2019-03-21T17:34:34","guid":{"rendered":"https:\/\/diarioregionaldigital.com.br\/?p=136417"},"modified":"2019-03-21T14:34:34","modified_gmt":"2019-03-21T17:34:34","slug":"mpf-acusa-temer-e-moreira-franco-de-corrupcao-em-obras-de-angra-3","status":"publish","type":"post","link":"https:\/\/diarioregionaldigital.com.br\/?p=136417","title":{"rendered":"MPF acusa Temer e Moreira Franco de corrup\u00e7\u00e3o em obras de Angra 3"},"content":{"rendered":"<p>O ex-presidente Michel Temer e o ex-ministro de Minas e Energia Wellington Moreira Franco, presos\u00a0nesata quinta-feira, 21, s\u00e3o acusados de receber propina de obras relacionadas \u00e0 Usina Nuclear Angra 3, no Rio\u00a0de Janeiro. As pris\u00f5es preventivas foram pedidas pelo Minist\u00e9rio P\u00fablico Federal e determinadas pelo juiz da 7\u00aa Vara Federal Criminal, Marcelo Bretas, no \u00e2mbito das opera\u00e7\u00f5es Radiotiatividade, Pripryat e Irmandade, desdobramentos da Lava Jato e que investigam os pagamentos ilegais a pol\u00edticos durante a constru\u00e7\u00e3o da usina nuclear.<\/p>\n<p>A Justi\u00e7a Federal tamb\u00e9m determinou as pris\u00f5es preventivas de Jo\u00e3o Baptista de Lima Filho (conhecido como coronel Lima, amigo do ex-presidente); da esposa do coronel, Maria Rita Fratezi; do almirante Othon Luiz Pinheiro da Silva, ex-presidente da Eletronuclear; da filha de Othon, Ana Cristina da Silva Toniolo; de Carlos Alberto Costa; de Carlos Alberto Costa Filho; de Carlos Alberto Montenegro Gallo; e de Vanderlei de Natale. Tamb\u00e9m foram determinadas as pris\u00f5es tempor\u00e1rias de Rodrigo Castro Alves Neves e Carlos Jorge Zimmermann.<\/p>\n<p>Na investiga\u00e7\u00e3o, s\u00e3o apurados crimes de corrup\u00e7\u00e3o, peculato e lavagem de dinheiro, em raz\u00e3o de poss\u00edveis pagamentos il\u00edcitos feitos por determina\u00e7\u00e3o do empres\u00e1rio Jos\u00e9 Antunes Sobrinho, da empresa de engenharia Engevix,\u00a0para o grupo criminoso, supostamente liderado por Michel Temer, bem como de poss\u00edveis desvios de recursos da Eletronuclear para empresas indicadas pelo referido grupo.<\/p>\n<p>De acordo com o MPF, foi identificado sofisticado esquema criminoso para pagamento de propina na contrata\u00e7\u00e3o das empresas Argeplan, AF Consult Ltd e Engevix para a execu\u00e7\u00e3o do contrato de projeto de engenharia eletromec\u00e2nico 01, de Angra 3.<\/p>\n<p>A Eletronuclear contratou a empresa AF Consult Ltd, que se associou \u00e0s empresas AF Consult do Brasil (que tem a participa\u00e7\u00e3o da Argeplan) e Engevix. A Argeplan seria ligada a Michel Temer e ao coronel Lima, de acordo com o MPF.<\/p>\n<p>Como a AF Consult do Brasil e a Argeplan n\u00e3o tinham pessoal e expertise suficientes para a realiza\u00e7\u00e3o dos servi\u00e7os, houve a subcontrata\u00e7\u00e3o da Engevix. Conforme apurado pelo MPF, coronel Lima solicitou ao s\u00f3cio da empresa Engevix o pagamento de propina, em benef\u00edcio de Michel Temer, no valor de R$ 1,09 milh\u00e3o, que foi paga no final de 2014.<\/p>\n<p>O pagamento foi feito da empresa Alumi Publicidades para a empresa PDA Projeto e Dire\u00e7\u00e3o Arquitet\u00f4nica, controlada por coronel Lima, atrav\u00e9s da simula\u00e7\u00e3o de contratos de presta\u00e7\u00e3o de servi\u00e7os da empresa PDA para a empresa Alumi. Segundo o MPF, o empres\u00e1rio que pagou a propina afirma\u00a0ter\u00a0prestado contas de tal pagamento para o coronel Lima e Moreira Franco.<\/p>\n<p>Os pagamentos feitos \u00e0 empresa AF Consult do Brasil, segundo a MPF, resultaram no desvio de R$ 10,86 milh\u00f5es, j\u00e1 que a referida empresa n\u00e3o tinha\u00a0capacidade t\u00e9cnica, nem pessoal para a presta\u00e7\u00e3o dos servi\u00e7os para os quais foi contratada.<\/p>\n<p>Moreira Franco \u00e9 acusado de \u201cinterceder e influenciar na contrata\u00e7\u00e3o\u201d das empresas envolvidas no esquema. Al\u00e9m dele, conforme\u00a0o MPF, tamb\u00e9m participaram da \u201cviabiliza\u00e7\u00e3o de empreitadas criminosas&#8221;\u00a0Carlos Alberto Costa, Carlo Aberto Costa Filho, o ex-almirante Othon Luiz Pinheiro, Ana Cristina, Maria Rita Fratezi e Carlos Alberto Gallo. Eles eram s\u00f3cios das empresas utilizadas na arrecada\u00e7\u00e3o de \u201cvantagens indevidas\u201d.<\/p>\n<h2>Partido<\/h2>\n<p>O MDB lamenta a postura a\u00e7odada da Justi\u00e7a \u00e0 revelia do andamento de um inqu\u00e9rito em que foi demonstrado que n\u00e3o h\u00e1 irregularidade por parte de Temer e do ex-ministro Moreira Franco. O MDB espera que a Justi\u00e7a restabele\u00e7a as liberdades individuais, a presun\u00e7\u00e3o de inoc\u00eancia, o direito ao contradit\u00f3rio e o direito de defesa.<\/p>\n<h2>Defesa de Moreira Franco<\/h2>\n<p>Em nota, a defesa de Moreira Franco manifestou &#8220;inconformidade com o decreto de pris\u00e3o cautelar&#8221;. Para os advogados, a medida n\u00e3o \u00e9 necess\u00e1ria, pois ele &#8220;encontra-se em lugar sabido, manifestou estar \u00e0 disposi\u00e7\u00e3o nas investiga\u00e7\u00f5es em curso, prestou depoimentos e se defendeu por escrito quando necess\u00e1rio&#8221;.<\/p>\n<p>A defesa diz que a ordem de pris\u00e3o &#8220;causa estranheza&#8221; por ser de um juiz &#8220;cuja compet\u00eancia n\u00e3o se encontra ainda firmada, em procedimento desconhecido at\u00e9 aqui&#8221;.<\/p>\n<p>&nbsp;<\/p>\n<p>Fonte: Ag\u00eancia Brasil<\/p>\n","protected":false},"excerpt":{"rendered":"<p>O ex-presidente Michel Temer e o ex-ministro de Minas e Energia Wellington Moreira Franco, presos\u00a0nesata quinta-feira, 21, s\u00e3o acusados de receber propina de obras relacionadas \u00e0 Usina Nuclear Angra 3, no Rio\u00a0de Janeiro. As pris\u00f5es preventivas foram pedidas pelo Minist\u00e9rio P\u00fablico Federal e determinadas pelo juiz da 7\u00aa Vara Federal Criminal, Marcelo Bretas, no \u00e2mbito [&hellip;]<\/p>\n","protected":false},"author":96,"featured_media":136418,"comment_status":"closed","ping_status":"closed","sticky":false,"template":"","format":"standard","meta":{"footnotes":""},"categories":[436,262,254,439],"tags":[],"class_list":["post-136417","post","type-post","status-publish","format-standard","has-post-thumbnail","hentry","category-destaque-da-semana","category-noticias","category-politica","category-ultima-hora"],"_links":{"self":[{"href":"https:\/\/diarioregionaldigital.com.br\/index.php?rest_route=\/wp\/v2\/posts\/136417","targetHints":{"allow":["GET"]}}],"collection":[{"href":"https:\/\/diarioregionaldigital.com.br\/index.php?rest_route=\/wp\/v2\/posts"}],"about":[{"href":"https:\/\/diarioregionaldigital.com.br\/index.php?rest_route=\/wp\/v2\/types\/post"}],"author":[{"embeddable":true,"href":"https:\/\/diarioregionaldigital.com.br\/index.php?rest_route=\/wp\/v2\/users\/96"}],"replies":[{"embeddable":true,"href":"https:\/\/diarioregionaldigital.com.br\/index.php?rest_route=%2Fwp%2Fv2%2Fcomments&post=136417"}],"version-history":[{"count":0,"href":"https:\/\/diarioregionaldigital.com.br\/index.php?rest_route=\/wp\/v2\/posts\/136417\/revisions"}],"wp:featuredmedia":[{"embeddable":true,"href":"https:\/\/diarioregionaldigital.com.br\/index.php?rest_route=\/wp\/v2\/media\/136418"}],"wp:attachment":[{"href":"https:\/\/diarioregionaldigital.com.br\/index.php?rest_route=%2Fwp%2Fv2%2Fmedia&parent=136417"}],"wp:term":[{"taxonomy":"category","embeddable":true,"href":"https:\/\/diarioregionaldigital.com.br\/index.php?rest_route=%2Fwp%2Fv2%2Fcategories&post=136417"},{"taxonomy":"post_tag","embeddable":true,"href":"https:\/\/diarioregionaldigital.com.br\/index.php?rest_route=%2Fwp%2Fv2%2Ftags&post=136417"}],"curies":[{"name":"wp","href":"https:\/\/api.w.org\/{rel}","templated":true}]}}