{"id":136413,"date":"2019-03-21T14:30:29","date_gmt":"2019-03-21T17:30:29","guid":{"rendered":"https:\/\/diarioregionaldigital.com.br\/?p=136413"},"modified":"2019-03-21T14:30:29","modified_gmt":"2019-03-21T17:30:29","slug":"ministro-determina-primeiras-diligencias-em-inquerito-sobre-fake-news","status":"publish","type":"post","link":"https:\/\/diarioregionaldigital.com.br\/?p=136413","title":{"rendered":"Ministro determina primeiras dilig\u00eancias em inqu\u00e9rito sobre fake news"},"content":{"rendered":"<p>O ministro Alexandre de Moraes, do Supremo Tribunal Federal (STF), determinou as primeiras buscas e apreens\u00f5es no \u00e2mbito do inqu\u00e9rito sigiloso que apura ataques e divulga\u00e7\u00e3o de not\u00edcias falsas (<em>fake news<\/em>) contra os ministros da Corte nas redes sociais. Nesta quinta-feira, 21, s\u00e3o cumpridos mandados nos estados de S\u00e3o Paulo e Alagoas.<\/p>\n<p>Nessa quarta-feira, 20, Moraes designou dois delegados para auxiliar na condu\u00e7\u00e3o das investiga\u00e7\u00f5es. S\u00e3o eles: Alberto Ferreira Neto, chefe da Delegacia Especializada em Repress\u00e3o a Crimes Fazend\u00e1rios da Pol\u00edcia Federal; e Maur\u00edcio Martins da Silva, da Divis\u00e3o de Intelig\u00eancia da Pol\u00edcia Civil de S\u00e3o Paulo.<\/p>\n<p>Na decis\u00e3o, Moraes disse que o inqu\u00e9rito tem dois alvos: o vazamento de documentos sigilosos e a suposta exist\u00eancia de um esquema de financiamento para divulga\u00e7\u00e3o em massa nas redes sociais de mensagens para \u201clesar a independ\u00eancia do Poder Judici\u00e1rio e o Estado de Direito\u201d.<\/p>\n<p>A abertura do inqu\u00e9rito foi anunciada na quinta-feira, 14, pelo presidente do STF, ministro Dias Toffoli, no in\u00edcio da sess\u00e3o plen\u00e1ria, quando Moraes foi definido relator do caso. A medida foi tomada ap\u00f3s o Supremo ter sido alvo de manifesta\u00e7\u00f5es sobre a decis\u00e3o que definiu a compet\u00eancia da Justi\u00e7a Eleitoral para julgar crimes de corrup\u00e7\u00e3o conexos a eleitorais.<\/p>\n<h2>PGR pede esclarecimentos<\/h2>\n<p>Na semana passada, a procuradora-geral da Rep\u00fablica, Raquel Dodge, pediu esclarecimentos ao ministro Alexandre de Moraes. Segundo a procuradora, a portaria na qual a investiga\u00e7\u00e3o foi instaurada n\u00e3o esclareceu quais pessoas devem ser investigadas. Al\u00e9m disso, cabe ao Minist\u00e9rio P\u00fablico realizar tais investiga\u00e7\u00f5es, e n\u00e3o ao Judici\u00e1rio, ressaltou a procuradora.<\/p>\n<p>Ao menos um ministro do STF, Marco Aur\u00e9lio Mello, criticou publicamente a abertura do inqu\u00e9rito por inciativa da Corte. Para ele, caberia ao MP conduzir a investiga\u00e7\u00e3o. Ele criticou ainda o fato de Moraes ter sido designado por Toffoli como relator, sem que houvesse sorteio entre todos os ministros do Supremo.<\/p>\n<p>Entidades como a Ordem dos Advogados do Brasil (OAB), a Associa\u00e7\u00e3o dos Ju\u00edzes Federais do Brasil (Ajufe), a Associa\u00e7\u00e3o dos Magistrados Brasileiros (AMB) e a Associa\u00e7\u00e3o Nacional dos Magistrados do Trabalho (Anamatra) manifestaram apoio \u00e0 abertura da investiga\u00e7\u00e3o.<\/p>\n<p>Fonte: Ag\u00eancia Brasil<\/p>\n","protected":false},"excerpt":{"rendered":"<p>O ministro Alexandre de Moraes, do Supremo Tribunal Federal (STF), determinou as primeiras buscas e apreens\u00f5es no \u00e2mbito do inqu\u00e9rito sigiloso que apura ataques e divulga\u00e7\u00e3o de not\u00edcias falsas (fake news) contra os ministros da Corte nas redes sociais. Nesta quinta-feira, 21, s\u00e3o cumpridos mandados nos estados de S\u00e3o Paulo e Alagoas. Nessa quarta-feira, 20, [&hellip;]<\/p>\n","protected":false},"author":96,"featured_media":136415,"comment_status":"closed","ping_status":"closed","sticky":false,"template":"","format":"standard","meta":{"footnotes":""},"categories":[302,436,262,439],"tags":[],"class_list":["post-136413","post","type-post","status-publish","format-standard","has-post-thumbnail","hentry","category-brasil-mundo","category-destaque-da-semana","category-noticias","category-ultima-hora"],"_links":{"self":[{"href":"https:\/\/diarioregionaldigital.com.br\/index.php?rest_route=\/wp\/v2\/posts\/136413","targetHints":{"allow":["GET"]}}],"collection":[{"href":"https:\/\/diarioregionaldigital.com.br\/index.php?rest_route=\/wp\/v2\/posts"}],"about":[{"href":"https:\/\/diarioregionaldigital.com.br\/index.php?rest_route=\/wp\/v2\/types\/post"}],"author":[{"embeddable":true,"href":"https:\/\/diarioregionaldigital.com.br\/index.php?rest_route=\/wp\/v2\/users\/96"}],"replies":[{"embeddable":true,"href":"https:\/\/diarioregionaldigital.com.br\/index.php?rest_route=%2Fwp%2Fv2%2Fcomments&post=136413"}],"version-history":[{"count":0,"href":"https:\/\/diarioregionaldigital.com.br\/index.php?rest_route=\/wp\/v2\/posts\/136413\/revisions"}],"wp:featuredmedia":[{"embeddable":true,"href":"https:\/\/diarioregionaldigital.com.br\/index.php?rest_route=\/wp\/v2\/media\/136415"}],"wp:attachment":[{"href":"https:\/\/diarioregionaldigital.com.br\/index.php?rest_route=%2Fwp%2Fv2%2Fmedia&parent=136413"}],"wp:term":[{"taxonomy":"category","embeddable":true,"href":"https:\/\/diarioregionaldigital.com.br\/index.php?rest_route=%2Fwp%2Fv2%2Fcategories&post=136413"},{"taxonomy":"post_tag","embeddable":true,"href":"https:\/\/diarioregionaldigital.com.br\/index.php?rest_route=%2Fwp%2Fv2%2Ftags&post=136413"}],"curies":[{"name":"wp","href":"https:\/\/api.w.org\/{rel}","templated":true}]}}