{"id":136411,"date":"2019-03-21T14:27:49","date_gmt":"2019-03-21T17:27:49","guid":{"rendered":"https:\/\/diarioregionaldigital.com.br\/?p=136411"},"modified":"2019-03-21T14:27:49","modified_gmt":"2019-03-21T17:27:49","slug":"federacoes-empresariais-apoiam-decisao-do-banco-central","status":"publish","type":"post","link":"https:\/\/diarioregionaldigital.com.br\/?p=136411","title":{"rendered":"Federa\u00e7\u00f5es empresariais apoiam decis\u00e3o do Banco Central"},"content":{"rendered":"<p>A Federa\u00e7\u00e3o das Ind\u00fastrias do Estado do Rio\u00a0de Janeiro\u00a0(Firjan) manifestou apoio \u00e0 manuten\u00e7\u00e3o da taxa Selic em 6,5% ao ano, o menor n\u00edvel desde 1986.<\/p>\n<p>Para a entidade, \u201cdiante do cen\u00e1rio de ainda elevada ociosidade no mercado de trabalho e na capacidade instalada, assim como infla\u00e7\u00e3o e expectativas inflacion\u00e1rias alinhadas dentro da meta determinada, a manuten\u00e7\u00e3o da taxa de juros em patamar historicamente baixo segue adequada\u201d.<\/p>\n<p>A entidade indicou que, para o pa\u00eds manter um crescimento econ\u00f4mico por longos per\u00edodos, com juros baixos e infla\u00e7\u00e3o na meta, \u00e9 necess\u00e1rio que haja o equil\u00edbrio das contas p\u00fablicas. \u201cPor isso, a aprova\u00e7\u00e3o da reforma da Previd\u00eancia \u00e9 t\u00e3o importante. Trata-se do primeiro passo na dire\u00e7\u00e3o do crescimento econ\u00f4mico sustent\u00e1vel do pa\u00eds\u201d, afirmou a Firjan, em nota.<\/p>\n<p>Segundo a Federa\u00e7\u00e3o\u00a0do Com\u00e9rcio de Bens, Servi\u00e7os e Turismo do Estado de S\u00e3o Paulo (FecomercioSP), a manuten\u00e7\u00e3o dos juros \u00e9 positiva. \u201cA\u00a0medida foi acertada e demonstra que a institui\u00e7\u00e3o \u00e9 independente do governo, \u00e9 um \u00f3rg\u00e3o do Estado\u201d, afirmou a entidade em nota.<\/p>\n<p>\u201cConforme a federa\u00e7\u00e3o havia previsto, a manuten\u00e7\u00e3o \u00e9 justificada pela infla\u00e7\u00e3o mais controlada, mas, por outro lado, sem espa\u00e7o para redu\u00e7\u00e3o de juros no ambiente de c\u00e2mbio ainda vol\u00e1til e restando muitas incertezas pol\u00edticas\u201d, completou.<\/p>\n<p>A expectativa da federa\u00e7\u00e3o \u00e9 que, no m\u00e9dio prazo e com as reformas aprovadas, o pa\u00eds passe por um ajuste fiscal, com queda de juros e recupera\u00e7\u00e3o do emprego, renda, consumo e produ\u00e7\u00e3o. Para a federa\u00e7\u00e3o, isso deve ocorrer no segundo semestre deste ano.<\/p>\n<h2>Redu\u00e7\u00e3o<\/h2>\n<p>A For\u00e7a Sindical considera a taxa ainda alta e diz que isso vai prejudicar a gera\u00e7\u00e3o de empregos. Em nota assinada por seu presidente Miguel Torres, a central criticou o Comit\u00ea de Pol\u00edtica Econ\u00f4mica (Copom) do Banco Central.<\/p>\n<p>\u201cO Banco Central perdeu uma \u00f3tima oportunidade para promover uma dr\u00e1stica redu\u00e7\u00e3o na taxa b\u00e1sica de juros, que poderia funcionar como um est\u00edmulo para a cria\u00e7\u00e3o de novos empregos e para o aumento da produ\u00e7\u00e3o no pa\u00eds. Ou seja: mais uma vez o Banco Central frustra os anseios dos trabalhadores\u201d, diz Torres.<\/p>\n<p>Segundo ele, os juros altos \u201csangram o pa\u00eds e inviabilizam o desenvolvimento\u201d. \u201cGera\u00e7\u00e3o de empregos com mais renda, transporte de qualidade e moradias dignas s\u00f3 ser\u00e3o poss\u00edveis com juros em patamares baixos\u201d, escreve Torres.<\/p>\n<p>Fonte: Ag\u00eancia Brasil<\/p>\n","protected":false},"excerpt":{"rendered":"<p>A Federa\u00e7\u00e3o das Ind\u00fastrias do Estado do Rio\u00a0de Janeiro\u00a0(Firjan) manifestou apoio \u00e0 manuten\u00e7\u00e3o da taxa Selic em 6,5% ao ano, o menor n\u00edvel desde 1986. Para a entidade, \u201cdiante do cen\u00e1rio de ainda elevada ociosidade no mercado de trabalho e na capacidade instalada, assim como infla\u00e7\u00e3o e expectativas inflacion\u00e1rias alinhadas dentro da meta determinada, a [&hellip;]<\/p>\n","protected":false},"author":96,"featured_media":133440,"comment_status":"closed","ping_status":"closed","sticky":false,"template":"","format":"standard","meta":{"footnotes":""},"categories":[436,261,439],"tags":[],"class_list":["post-136411","post","type-post","status-publish","format-standard","has-post-thumbnail","hentry","category-destaque-da-semana","category-economia","category-ultima-hora"],"_links":{"self":[{"href":"https:\/\/diarioregionaldigital.com.br\/index.php?rest_route=\/wp\/v2\/posts\/136411","targetHints":{"allow":["GET"]}}],"collection":[{"href":"https:\/\/diarioregionaldigital.com.br\/index.php?rest_route=\/wp\/v2\/posts"}],"about":[{"href":"https:\/\/diarioregionaldigital.com.br\/index.php?rest_route=\/wp\/v2\/types\/post"}],"author":[{"embeddable":true,"href":"https:\/\/diarioregionaldigital.com.br\/index.php?rest_route=\/wp\/v2\/users\/96"}],"replies":[{"embeddable":true,"href":"https:\/\/diarioregionaldigital.com.br\/index.php?rest_route=%2Fwp%2Fv2%2Fcomments&post=136411"}],"version-history":[{"count":0,"href":"https:\/\/diarioregionaldigital.com.br\/index.php?rest_route=\/wp\/v2\/posts\/136411\/revisions"}],"wp:featuredmedia":[{"embeddable":true,"href":"https:\/\/diarioregionaldigital.com.br\/index.php?rest_route=\/wp\/v2\/media\/133440"}],"wp:attachment":[{"href":"https:\/\/diarioregionaldigital.com.br\/index.php?rest_route=%2Fwp%2Fv2%2Fmedia&parent=136411"}],"wp:term":[{"taxonomy":"category","embeddable":true,"href":"https:\/\/diarioregionaldigital.com.br\/index.php?rest_route=%2Fwp%2Fv2%2Fcategories&post=136411"},{"taxonomy":"post_tag","embeddable":true,"href":"https:\/\/diarioregionaldigital.com.br\/index.php?rest_route=%2Fwp%2Fv2%2Ftags&post=136411"}],"curies":[{"name":"wp","href":"https:\/\/api.w.org\/{rel}","templated":true}]}}