{"id":136407,"date":"2019-03-21T14:12:53","date_gmt":"2019-03-21T17:12:53","guid":{"rendered":"https:\/\/diarioregionaldigital.com.br\/?p=136407"},"modified":"2019-03-21T14:12:53","modified_gmt":"2019-03-21T17:12:53","slug":"marinho-diz-que-governo-nao-vai-fazer-reestruturacoes-salariais","status":"publish","type":"post","link":"https:\/\/diarioregionaldigital.com.br\/?p=136407","title":{"rendered":"Marinho diz que governo n\u00e3o vai fazer reestrutura\u00e7\u00f5es salariais"},"content":{"rendered":"<p>O secret\u00e1rio nacional da Previd\u00eancia, Rog\u00e9rio Marinho, disse hoje, 21, que n\u00e3o h\u00e1 margem para fazer\u00a0reestrutura\u00e7\u00f5es de outras carreiras\u00a0federais durante as discuss\u00f5es da reforma previdenci\u00e1ria. A proposta de reforma da previd\u00eancia dos militares, apresentada ontem (20) pelo governo, inclui uma reestrutura\u00e7\u00e3o da carreira das For\u00e7as Armadas.<\/p>\n<p>&#8220;Nos \u00faltimos 19 anos, a \u00fanica categoria mais relevante do servi\u00e7o p\u00fablico que n\u00e3o teve reestrutura\u00e7\u00e3o foi as For\u00e7as Armadas&#8221;, disse.<\/p>\n<p>Marinho disse que at\u00e9 pode haver press\u00e3o de outras categorias para que se fa\u00e7a o mesmo com elas, mas o governo n\u00e3o pretende ceder. &#8220;N\u00e3o h\u00e1 nenhuma possibilidade, nenhuma margem de tratarmos desse tema&#8221;.<\/p>\n<p>Segundo Rog\u00e9rio Marinho, a reforma da prote\u00e7\u00e3o social dos militares deve gerar economia de R$ 97 bilh\u00f5es em dez anos. A reestrutura\u00e7\u00e3o da carreira custar\u00e1 cerca de R$ 87 bilh\u00f5es.&#8221; Na verdade, h\u00e1 um super\u00e1vit. Estamos dando muito mais do que estamos ganhando&#8221;.<\/p>\n<p>O secret\u00e1rio espera que a reforma da previd\u00eancia seja aprovada no primeiro semestre, mas destacou que agora a decis\u00e3o est\u00e1 com o Congresso.<\/p>\n<p>&#8220;Agora, quem tem que dar o ritmo \u00e9 o Congresso. Os deputados t\u00eam que se sentir confort\u00e1veis para fazer a tramita\u00e7\u00e3o. \u00c9 claro que, para o governo e para a sociedade brasileira, \u00e9 importante que o projeto tenha a celeridade adequada sem que se perca a qualidade do debate&#8221;, disse, ao participar de congresso da Associa\u00e7\u00e3o Brasileira de Supermercados hoje no Rio de Janeiro.<\/p>\n<p>&nbsp;<\/p>\n<p>Fonte: Ag\u00eancia Brasil<\/p>\n","protected":false},"excerpt":{"rendered":"<p>O secret\u00e1rio nacional da Previd\u00eancia, Rog\u00e9rio Marinho, disse hoje, 21, que n\u00e3o h\u00e1 margem para fazer\u00a0reestrutura\u00e7\u00f5es de outras carreiras\u00a0federais durante as discuss\u00f5es da reforma previdenci\u00e1ria. A proposta de reforma da previd\u00eancia dos militares, apresentada ontem (20) pelo governo, inclui uma reestrutura\u00e7\u00e3o da carreira das For\u00e7as Armadas. &#8220;Nos \u00faltimos 19 anos, a \u00fanica categoria mais relevante [&hellip;]<\/p>\n","protected":false},"author":96,"featured_media":136408,"comment_status":"closed","ping_status":"closed","sticky":false,"template":"","format":"standard","meta":{"footnotes":""},"categories":[436,262,254,439],"tags":[],"class_list":["post-136407","post","type-post","status-publish","format-standard","has-post-thumbnail","hentry","category-destaque-da-semana","category-noticias","category-politica","category-ultima-hora"],"_links":{"self":[{"href":"https:\/\/diarioregionaldigital.com.br\/index.php?rest_route=\/wp\/v2\/posts\/136407","targetHints":{"allow":["GET"]}}],"collection":[{"href":"https:\/\/diarioregionaldigital.com.br\/index.php?rest_route=\/wp\/v2\/posts"}],"about":[{"href":"https:\/\/diarioregionaldigital.com.br\/index.php?rest_route=\/wp\/v2\/types\/post"}],"author":[{"embeddable":true,"href":"https:\/\/diarioregionaldigital.com.br\/index.php?rest_route=\/wp\/v2\/users\/96"}],"replies":[{"embeddable":true,"href":"https:\/\/diarioregionaldigital.com.br\/index.php?rest_route=%2Fwp%2Fv2%2Fcomments&post=136407"}],"version-history":[{"count":0,"href":"https:\/\/diarioregionaldigital.com.br\/index.php?rest_route=\/wp\/v2\/posts\/136407\/revisions"}],"wp:featuredmedia":[{"embeddable":true,"href":"https:\/\/diarioregionaldigital.com.br\/index.php?rest_route=\/wp\/v2\/media\/136408"}],"wp:attachment":[{"href":"https:\/\/diarioregionaldigital.com.br\/index.php?rest_route=%2Fwp%2Fv2%2Fmedia&parent=136407"}],"wp:term":[{"taxonomy":"category","embeddable":true,"href":"https:\/\/diarioregionaldigital.com.br\/index.php?rest_route=%2Fwp%2Fv2%2Fcategories&post=136407"},{"taxonomy":"post_tag","embeddable":true,"href":"https:\/\/diarioregionaldigital.com.br\/index.php?rest_route=%2Fwp%2Fv2%2Ftags&post=136407"}],"curies":[{"name":"wp","href":"https:\/\/api.w.org\/{rel}","templated":true}]}}