{"id":136401,"date":"2019-03-21T14:07:26","date_gmt":"2019-03-21T17:07:26","guid":{"rendered":"https:\/\/diarioregionaldigital.com.br\/?p=136401"},"modified":"2019-03-21T14:07:26","modified_gmt":"2019-03-21T17:07:26","slug":"perda-de-status-de-pais-livre-de-sarampo-e-retrocesso-diz-pediatra","status":"publish","type":"post","link":"https:\/\/diarioregionaldigital.com.br\/?p=136401","title":{"rendered":"Perda de status de pa\u00eds livre de sarampo \u00e9 retrocesso, diz pediatra"},"content":{"rendered":"<p>A perda do status de pa\u00eds livre do sarampo representa um retrocesso para o Brasil e as Am\u00e9ricas, segundo avalia\u00e7\u00e3o da vice-presidente da Sociedade Brasileira de Imuniza\u00e7\u00f5es (SBIm), Isabella Ballalai. O an\u00fancio de que o pa\u00eds vai\u00a0perder o certificado\u00a0de elimina\u00e7\u00e3o da doen\u00e7a foi feito pelo pr\u00f3prio Minist\u00e9rio da Sa\u00fade esta semana, ap\u00f3s a confirma\u00e7\u00e3o de um caso no Par\u00e1, no fim de fevereiro.<\/p>\n<p>\u201c\u00c9 triste ver voltar uma doen\u00e7a que j\u00e1 foi uma das principais causas de mortalidade infantil. A vacina\u00e7\u00e3o contra o sarampo mudou a mortalidade infantil, fez cair a mortalidade infantil. Conversando com um grupo de m\u00e9dicos como eu, que vi o sarampo, assinei muito atestado de \u00f3bito de crian\u00e7a que morreu por sarampo, ver a doen\u00e7a voltar \u00e9, sem d\u00favida alguma, um retrocesso que n\u00e3o precisava existir\u201d, disse.<\/p>\n<p>Em entrevista, a pediatra, que atua h\u00e1 mais de 30 anos na \u00e1rea de imuniza\u00e7\u00e3o, defendeu estrat\u00e9gias com foco na comunica\u00e7\u00e3o com a popula\u00e7\u00e3o e na capacita\u00e7\u00e3o de profissionais. Ela lembrou que, apesar das baixas taxas de cobertura, a dose contra o sarampo sempre esteve dispon\u00edvel nos postos de sa\u00fade.<\/p>\n<p>\u201cTodos os anos, a gente tem a campanha de atualiza\u00e7\u00e3o da caderneta de vacina\u00e7\u00e3o. Antigamente, era uma campanha s\u00f3 para o sarampo. Agora, passou a ser um dia para atualizar todas as doses em atraso.\u201d<\/p>\n<p>A especialista afirmou que \u00e9 necess\u00e1rio resgatar a mem\u00f3ria sobre a import\u00e2ncia da vacina na imuniza\u00e7\u00e3o e a compreens\u00e3o de que, mesmo n\u00e3o tendo a doen\u00e7a, se parar de vacinar, o mal pode voltar.<\/p>\n<p>\u201cParece que as pessoas\u00a0hoje\u00a0prestam mais aten\u00e7\u00e3o em<em>\u00a0fake news<\/em>, numa informa\u00e7\u00e3o que n\u00e3o \u00e9 verdadeira, e n\u00e3o valorizam a doen\u00e7a. Antigamente, quando o minist\u00e9rio fazia uma campanha contra o sarampo, as fam\u00edlias iam correndo porque viam os amiguinhos dos filhos morrerem ou adoecerem por sarampo.\u00a0Hoje\u00a0em dia, ningu\u00e9m mais v\u00ea sarampo.\u201d<\/p>\n<p><strong>Revers\u00e3o do quadro<\/strong><\/p>\n<p>Para Isabella Ballalai, o Brasil tem chance de reverter o quadro de surto de sarampo e reconquistar a condi\u00e7\u00e3o de pa\u00eds livre da doen\u00e7a. Segundo ela, o brasileiro, em geral, acredita nas vacinas, mas precisa ser mais bem informado e ter maior facilidade no momento de acessar a dose.<\/p>\n<p>A pediatra destacou que o pa\u00eds conta atualmente com cerca de 36 mil salas de vacina\u00e7\u00e3o na rede p\u00fablica, mas o funcionamento desses locais precisa ser revisto.<\/p>\n<p>\u201cOs postos ainda funcionam em hor\u00e1rio comercial e param para almo\u00e7o. Precisamos rever isso porque as fam\u00edlias trabalham. Na realidade, o que a gente precisa \u00e9 parar o que est\u00e1 sendo feito e rever como fazer. Vacina a gente tem. Sala de vacina\u00e7\u00e3o a gente tem. Brasileiros que acreditam em vacina\u00e7\u00e3o s\u00e3o maioria. O antivacinismo n\u00e3o \u00e9 um problema grande no Brasil, \u00e9 muito pequeno e n\u00e3o \u00e9 esse o motivo que faz com que as pessoas n\u00e3o se vacinem.\u201d<\/p>\n<p><strong>Vacina\u00e7\u00e3o<\/strong><\/p>\n<p>A vice-presidente da SBIm refor\u00e7ou que a vacina\u00e7\u00e3o contra o sarampo, em particular, n\u00e3o \u00e9 prevista apenas para crian\u00e7as \u2013 adultos at\u00e9 49 anos tamb\u00e9m precisam ser imunizados. No Amazonas, segundo ela, a maior parte dos casos foi identificado em adultos, n\u00e3o em crian\u00e7as. Esse, na avalia\u00e7\u00e3o da especialista, \u00e9 outro grande desafio na busca pelo certificado de elimina\u00e7\u00e3o da doen\u00e7a.<\/p>\n<p>\u201cA gente precisa\u00a0ter\u00a0a popula\u00e7\u00e3o adulta vacinada. O minist\u00e9rio oferece a vacina gratuitamente para eles. Essa comunica\u00e7\u00e3o \u00e9 a mais dif\u00edcil de ser entendida \u2013 fazer essas pessoas irem tomar vacina. N\u00e3o \u00e9 vacina de crian\u00e7a, \u00e9 vacina de todos n\u00f3s. O sarampo \u00e9 mais grave em adultos do que em crian\u00e7as, e o adulto ainda transmite para a crian\u00e7a que n\u00e3o est\u00e1 vacinada. A gente precisa vacinar, pelo menos, todos at\u00e9 os 49 anos de idade\u201d, afirmou.<\/p>\n<p><strong>N\u00fameros<\/strong><\/p>\n<p>De 1\u00ba de janeiro a\u00a019 de mar\u00e7o deste ano, foram confirmados laboratorialmente 28 casos de sarampo em dois estados do Brasil, sendo 23 no Par\u00e1 e cinco no Amazonas. Os casos, de acordo com o Minist\u00e9rio da Sa\u00fade, est\u00e3o relacionados \u00e0 cadeia de transmiss\u00e3o iniciada no pa\u00eds em\u00a019 de fevereiro\u00a0do ano passado.<\/p>\n<p>Durante todo o ano de 2018, foram confirmados 10.326 casos de sarampo, sendo 9.803 no Amazonas, 361 em Roraima e 79 no Par\u00e1. O pico da doen\u00e7a foi registrado em julho passado, quando 3.950 casos foram contabilizados.<\/p>\n<p>&nbsp;<\/p>\n<p>Fonte: Ag\u00eancia Brasil<\/p>\n","protected":false},"excerpt":{"rendered":"<p>A perda do status de pa\u00eds livre do sarampo representa um retrocesso para o Brasil e as Am\u00e9ricas, segundo avalia\u00e7\u00e3o da vice-presidente da Sociedade Brasileira de Imuniza\u00e7\u00f5es (SBIm), Isabella Ballalai. O an\u00fancio de que o pa\u00eds vai\u00a0perder o certificado\u00a0de elimina\u00e7\u00e3o da doen\u00e7a foi feito pelo pr\u00f3prio Minist\u00e9rio da Sa\u00fade esta semana, ap\u00f3s a confirma\u00e7\u00e3o de [&hellip;]<\/p>\n","protected":false},"author":96,"featured_media":136403,"comment_status":"closed","ping_status":"closed","sticky":false,"template":"","format":"standard","meta":{"footnotes":""},"categories":[302,436,262,439],"tags":[],"class_list":["post-136401","post","type-post","status-publish","format-standard","has-post-thumbnail","hentry","category-brasil-mundo","category-destaque-da-semana","category-noticias","category-ultima-hora"],"_links":{"self":[{"href":"https:\/\/diarioregionaldigital.com.br\/index.php?rest_route=\/wp\/v2\/posts\/136401","targetHints":{"allow":["GET"]}}],"collection":[{"href":"https:\/\/diarioregionaldigital.com.br\/index.php?rest_route=\/wp\/v2\/posts"}],"about":[{"href":"https:\/\/diarioregionaldigital.com.br\/index.php?rest_route=\/wp\/v2\/types\/post"}],"author":[{"embeddable":true,"href":"https:\/\/diarioregionaldigital.com.br\/index.php?rest_route=\/wp\/v2\/users\/96"}],"replies":[{"embeddable":true,"href":"https:\/\/diarioregionaldigital.com.br\/index.php?rest_route=%2Fwp%2Fv2%2Fcomments&post=136401"}],"version-history":[{"count":0,"href":"https:\/\/diarioregionaldigital.com.br\/index.php?rest_route=\/wp\/v2\/posts\/136401\/revisions"}],"wp:featuredmedia":[{"embeddable":true,"href":"https:\/\/diarioregionaldigital.com.br\/index.php?rest_route=\/wp\/v2\/media\/136403"}],"wp:attachment":[{"href":"https:\/\/diarioregionaldigital.com.br\/index.php?rest_route=%2Fwp%2Fv2%2Fmedia&parent=136401"}],"wp:term":[{"taxonomy":"category","embeddable":true,"href":"https:\/\/diarioregionaldigital.com.br\/index.php?rest_route=%2Fwp%2Fv2%2Fcategories&post=136401"},{"taxonomy":"post_tag","embeddable":true,"href":"https:\/\/diarioregionaldigital.com.br\/index.php?rest_route=%2Fwp%2Fv2%2Ftags&post=136401"}],"curies":[{"name":"wp","href":"https:\/\/api.w.org\/{rel}","templated":true}]}}