{"id":136400,"date":"2019-03-21T14:06:25","date_gmt":"2019-03-21T17:06:25","guid":{"rendered":"https:\/\/diarioregionaldigital.com.br\/?p=136400"},"modified":"2019-03-21T14:06:25","modified_gmt":"2019-03-21T17:06:25","slug":"jovens-tem-menos-chance-de-contratacao-e-mais-de-serem-demitidos","status":"publish","type":"post","link":"https:\/\/diarioregionaldigital.com.br\/?p=136400","title":{"rendered":"Jovens t\u00eam menos chance de contrata\u00e7\u00e3o e mais de serem demitidos"},"content":{"rendered":"<p>O mercado de trabalho \u00e9 mais severo com as pessoas de 18 a 24 anos. De acordo com o <a href=\"http:\/\/www.ipea.gov.br\/\" target=\"_blank\" rel=\"noopener\">Instituto de Pesquisa Econ\u00f4mica Aplicada (Ipea)<\/a>, os jovens enfrentam mais dificuldades para conseguir trabalho e, quando empregados, s\u00e3o os mais vulner\u00e1veis \u00e0 demiss\u00e3o.<\/p>\n<p>\u201cA probabilidade de o jovem estando desempregado conseguir emprego \u00e9 menor do que os outros trabalhadores. E uma vez empregado, a probabilidade de ele ser demitido \u00e9 muito maior do que a dos outros trabalhadores. \u00c9 uma conjuntura muito ruim para os jovens\u201d, analisa a diretoria de Estudos e Pol\u00edticas Macroecon\u00f4micas do Ipea, Maria Andreia Parente Lameiras.<\/p>\n<p>De acordo com a <em>Carta de Conjuntura<\/em> publicada pelo instituto nesta nessa quarta-feira, 20, o crescimento da popula\u00e7\u00e3o ocupada perdeu ritmo ao longo de 2018 e na passagem do ano. O estudo \u00e9 feito com base nos dados da Pesquisa Nacional de Amostra Domiciliar Cont\u00ednua do Instituto Brasileiro de Geografia e Estat\u00edstica (IBGE).<\/p>\n<p>No trimestre (m\u00f3vel) formado pelos meses de novembro e dezembro do ano passado e janeiro deste ano, a taxa de crescimento da ocupa\u00e7\u00e3o (trabalho formal ou informal) foi de 0,9%. Entre as pessoas de 18 a 24 anos, n\u00e3o houve crescimento e sim, retra\u00e7\u00e3o de 1,3%.<\/p>\n<p>Segundo Andreia Lameiras, os jovens s\u00e3o mais penalizados porque t\u00eam menor experi\u00eancia profissional e podem demandar mais treinamento para ingressar no trabalho. \u201cQuando a economia est\u00e1 em crise, e uma empresa vai dispensar trabalhadores, [o empres\u00e1rio] acaba por afastar aqueles que julga que a sa\u00edda ir\u00e1 impactar menos na produtividade\u201d. Al\u00e9m disso, \u201csempre pesa o fato de que os mais jovens n\u00e3o s\u00e3o chefes de fam\u00edlia\u201d, lembrou a diretora.<\/p>\n<p>Lameiras ressalta que mesmo no mercado informal e no trabalho por conta pr\u00f3pria, os mais jovens desempregados t\u00eam mais dificuldades de ingresso. Assim, agrava-se a possibilidade de que desistam de procurar trabalho, mantenham-se como dependentes, e ingressem no contingente de \u201cdesalentados\u201d. Em janeiro, a taxa de pessoas desalentadas (todas as idades) teve alta de 6,7% na compara\u00e7\u00e3o com o ano anterior.<\/p>\n<p>Nota do Ipea acrescenta que a lenta recupera\u00e7\u00e3o do mercado de trabalho, com regress\u00e3o da ocupa\u00e7\u00e3o entre os mais jovens, \u201cvem gerando aumento no n\u00famero de domic\u00edlios que declararam n\u00e3o possuir renda de trabalho\u201d.<\/p>\n<p>De acordo com o Ipea, a Pnad do IBGE registrou cerca de 16 milh\u00f5es de casas sem renda proveniente do trabalho no \u00faltimo trimestre de 2018, \u201co que equivale a 22,2% das quase 72 milh\u00f5es de resid\u00eancias no pa\u00eds\u201d. No mesmo per\u00edodo de 2017, a propor\u00e7\u00e3o era de 21,5%. Antes da recess\u00e3o [final de 2013], o percentual era de 18,6%.<\/p>\n<p>Fonte: Ag\u00eancia Brasil<\/p>\n","protected":false},"excerpt":{"rendered":"<p>O mercado de trabalho \u00e9 mais severo com as pessoas de 18 a 24 anos. De acordo com o Instituto de Pesquisa Econ\u00f4mica Aplicada (Ipea), os jovens enfrentam mais dificuldades para conseguir trabalho e, quando empregados, s\u00e3o os mais vulner\u00e1veis \u00e0 demiss\u00e3o. \u201cA probabilidade de o jovem estando desempregado conseguir emprego \u00e9 menor do que [&hellip;]<\/p>\n","protected":false},"author":96,"featured_media":105072,"comment_status":"closed","ping_status":"closed","sticky":false,"template":"","format":"standard","meta":{"footnotes":""},"categories":[436,261,439],"tags":[],"class_list":["post-136400","post","type-post","status-publish","format-standard","has-post-thumbnail","hentry","category-destaque-da-semana","category-economia","category-ultima-hora"],"_links":{"self":[{"href":"https:\/\/diarioregionaldigital.com.br\/index.php?rest_route=\/wp\/v2\/posts\/136400","targetHints":{"allow":["GET"]}}],"collection":[{"href":"https:\/\/diarioregionaldigital.com.br\/index.php?rest_route=\/wp\/v2\/posts"}],"about":[{"href":"https:\/\/diarioregionaldigital.com.br\/index.php?rest_route=\/wp\/v2\/types\/post"}],"author":[{"embeddable":true,"href":"https:\/\/diarioregionaldigital.com.br\/index.php?rest_route=\/wp\/v2\/users\/96"}],"replies":[{"embeddable":true,"href":"https:\/\/diarioregionaldigital.com.br\/index.php?rest_route=%2Fwp%2Fv2%2Fcomments&post=136400"}],"version-history":[{"count":0,"href":"https:\/\/diarioregionaldigital.com.br\/index.php?rest_route=\/wp\/v2\/posts\/136400\/revisions"}],"wp:featuredmedia":[{"embeddable":true,"href":"https:\/\/diarioregionaldigital.com.br\/index.php?rest_route=\/wp\/v2\/media\/105072"}],"wp:attachment":[{"href":"https:\/\/diarioregionaldigital.com.br\/index.php?rest_route=%2Fwp%2Fv2%2Fmedia&parent=136400"}],"wp:term":[{"taxonomy":"category","embeddable":true,"href":"https:\/\/diarioregionaldigital.com.br\/index.php?rest_route=%2Fwp%2Fv2%2Fcategories&post=136400"},{"taxonomy":"post_tag","embeddable":true,"href":"https:\/\/diarioregionaldigital.com.br\/index.php?rest_route=%2Fwp%2Fv2%2Ftags&post=136400"}],"curies":[{"name":"wp","href":"https:\/\/api.w.org\/{rel}","templated":true}]}}