{"id":136394,"date":"2019-03-21T13:56:59","date_gmt":"2019-03-21T16:56:59","guid":{"rendered":"https:\/\/diarioregionaldigital.com.br\/?p=136394"},"modified":"2019-03-21T13:56:59","modified_gmt":"2019-03-21T16:56:59","slug":"dois-alunos-de-escola-em-suzano-permanecem-internados-em-sao-paulo","status":"publish","type":"post","link":"https:\/\/diarioregionaldigital.com.br\/?p=136394","title":{"rendered":"Dois alunos de escola em Suzano permanecem internados em S\u00e3o Paulo"},"content":{"rendered":"<p>Dois alunos feridos no atentado ocorrido na Escola Estadual Professor Raul Brasil, no munic\u00edpio de Suzano, no \u00faltimo dia 13, continuam internados na enfermaria do Hospital das Cl\u00ednicas da Faculdade de Medicina da Universidade de S\u00e3o Paulo (HC-USP), ambos com estado de sa\u00fade est\u00e1vel.<\/p>\n<p>No \u00faltimo dia 13, dois ex-alunos da escola, de 17 e 25 anos, entraram no col\u00e9gio armados, fizeram um ataque que resultou na morte de oito pessoas, sendo cinco estudantes, duas funcion\u00e1rias e um empres\u00e1rio. Al\u00e9m dessas, os atiradores tamb\u00e9m morreram na a\u00e7\u00e3o.<\/p>\n<p>A escola foi reaberta aos alunos, mas as aulas n\u00e3o foram retomadas. Na manh\u00e3 de ontem foi celebrado um culto ecum\u00eanico no p\u00e1tio do col\u00e9gio em homenagem \u00e0s v\u00edtimas do atentado.<\/p>\n<p>Fonte: Ag\u00eancia Brasil<\/p>\n","protected":false},"excerpt":{"rendered":"<p>Dois alunos feridos no atentado ocorrido na Escola Estadual Professor Raul Brasil, no munic\u00edpio de Suzano, no \u00faltimo dia 13, continuam internados na enfermaria do Hospital das Cl\u00ednicas da Faculdade de Medicina da Universidade de S\u00e3o Paulo (HC-USP), ambos com estado de sa\u00fade est\u00e1vel. No \u00faltimo dia 13, dois ex-alunos da escola, de 17 e [&hellip;]<\/p>\n","protected":false},"author":96,"featured_media":136396,"comment_status":"closed","ping_status":"closed","sticky":false,"template":"","format":"standard","meta":{"footnotes":""},"categories":[302,436,439],"tags":[],"class_list":["post-136394","post","type-post","status-publish","format-standard","has-post-thumbnail","hentry","category-brasil-mundo","category-destaque-da-semana","category-ultima-hora"],"_links":{"self":[{"href":"https:\/\/diarioregionaldigital.com.br\/index.php?rest_route=\/wp\/v2\/posts\/136394","targetHints":{"allow":["GET"]}}],"collection":[{"href":"https:\/\/diarioregionaldigital.com.br\/index.php?rest_route=\/wp\/v2\/posts"}],"about":[{"href":"https:\/\/diarioregionaldigital.com.br\/index.php?rest_route=\/wp\/v2\/types\/post"}],"author":[{"embeddable":true,"href":"https:\/\/diarioregionaldigital.com.br\/index.php?rest_route=\/wp\/v2\/users\/96"}],"replies":[{"embeddable":true,"href":"https:\/\/diarioregionaldigital.com.br\/index.php?rest_route=%2Fwp%2Fv2%2Fcomments&post=136394"}],"version-history":[{"count":0,"href":"https:\/\/diarioregionaldigital.com.br\/index.php?rest_route=\/wp\/v2\/posts\/136394\/revisions"}],"wp:featuredmedia":[{"embeddable":true,"href":"https:\/\/diarioregionaldigital.com.br\/index.php?rest_route=\/wp\/v2\/media\/136396"}],"wp:attachment":[{"href":"https:\/\/diarioregionaldigital.com.br\/index.php?rest_route=%2Fwp%2Fv2%2Fmedia&parent=136394"}],"wp:term":[{"taxonomy":"category","embeddable":true,"href":"https:\/\/diarioregionaldigital.com.br\/index.php?rest_route=%2Fwp%2Fv2%2Fcategories&post=136394"},{"taxonomy":"post_tag","embeddable":true,"href":"https:\/\/diarioregionaldigital.com.br\/index.php?rest_route=%2Fwp%2Fv2%2Ftags&post=136394"}],"curies":[{"name":"wp","href":"https:\/\/api.w.org\/{rel}","templated":true}]}}