{"id":136391,"date":"2019-03-21T13:54:00","date_gmt":"2019-03-21T16:54:00","guid":{"rendered":"https:\/\/diarioregionaldigital.com.br\/?p=136391"},"modified":"2019-03-21T14:32:36","modified_gmt":"2019-03-21T17:32:36","slug":"dia-internacional-da-sindrome-de-down-e-celebrado-no-senado","status":"publish","type":"post","link":"https:\/\/diarioregionaldigital.com.br\/?p=136391","title":{"rendered":"Dia Internacional da S\u00edndrome de Down \u00e9 celebrado no Senado"},"content":{"rendered":"<p>Pessoas com S\u00edndrome de Down, parlamentares, representantes de organiza\u00e7\u00f5es da sociedade civil, professores e especialistas de diversas \u00e1reas, comemoraram hoje, 21, no Senado, o Dia Internacional da S\u00edndrome de Down. A iniciativa foi da Comiss\u00e3o de Assuntos Sociais da Casa, presida pelo senador Rom\u00e1rio (Pode-RJ).<\/p>\n<p>Segundo o senador, pai de Ivy Faria, portadora da s\u00edndrome, o tema deste ano traz uma reflex\u00e3o sobre como garantir autonomia para crian\u00e7as, jovens e adultos com Down, e foi inspirado no tema da Agenda 2030 das Organiza\u00e7\u00f5es das Na\u00e7\u00f5es Unidas (ONU), Leave No One Behind (N\u00e3o deixe ningu\u00e9m para tr\u00e1s).<\/p>\n<p>Celebrada por 193 pa\u00edses, segundo a ONU, tradicionalmente na data \u00e9 promovida a conscientiza\u00e7\u00e3o sobre a import\u00e2ncia da inclus\u00e3o das pessoas com Down na sociedade, al\u00e9m de trazer para discuss\u00e3o o tema e combater o preconceito. Na programa\u00e7\u00e3o deste ano, al\u00e9m de relatos de experi\u00eancias de pessoas com S\u00edndrome de Down, que contaram como superaram limites e conquistaram seus sonhos, haver\u00e1 a apresenta\u00e7\u00e3o de projetos que ajudam no desenvolvimento da fala e da leitura. Uma central de atendimento humanizado, dar\u00e1 acolhimento \u00e0s pessoas com trissomia 21 (S\u00edndrome de Down).<\/p>\n<p>\u201cAs pessoas com defici\u00eancia foram exclu\u00eddas da vida social e negligenciadas por pol\u00edticas durante muitos anos, por isso esse tema \u00e9 importante e traz uma mensagem clara, a de que nenhuma pessoa pode ser deixada para tr\u00e1s. E como fazemos isso? Com educa\u00e7\u00e3o universal, inclus\u00e3o, e, acima de tudo, respeito \u00e0 diversidade\u201d, disse o senador Rom\u00e1rio.<\/p>\n<p>O presidente do Supremo Tribunal Federal, ministro Dias Toffoli, participou da abertura do evento e, muito emocionado, contou da rela\u00e7\u00e3o afetuosa com seu irm\u00e3o mais novo, Jos\u00e9 Eduardo, que este ano completa 50 anos, portador da S\u00edndrome de Down. Toffoli lembrou que no Conselho Nacional de Justi\u00e7a (CNJ) h\u00e1 um grupo de trabalho formado por magistrados que t\u00eam filhos com S\u00edndrome de Down ou outras defici\u00eancias.<\/p>\n<p>\u201cVamos fazer um trabalho para que a magistratura tenha leis exclusivas para que, nessas hip\u00f3teses, o juiz, a ju\u00edza possa ter prefer\u00eancia de escolha do local onde vai exercer a magistratura e, assim, dar o devido apoio ao filho\u201d, disse o ministro, referindo-se \u00e0 situa\u00e7\u00f5es na qual o juiz \u00e9 empossado em um local no in\u00edcio da carreira e depois \u00e9 transferido para cidades de interior onde n\u00e3o h\u00e1 escolas preparadas para pessoas especiais.<\/p>\n<h2>Exposi\u00e7\u00e3o<\/h2>\n<p>Paralelamente ao evento, o Senado exibe, at\u00e9 o dia 28 de mar\u00e7o, a exposi\u00e7\u00e3o de fotos \u201cUm olhar especial para a natureza\u201d, resultado de uma parceria entre a fot\u00f3grafa Gi Sales e o Di\u00e1rio da Inclus\u00e3o Social. Para captar as imagens, foram realizadas oficinas fotogr\u00e1ficas com 11 jovens com S\u00edndrome de Down, quando registraram os principais pontos tur\u00edsticos de Bras\u00edlia.<\/p>\n<p>Fonte: Ag\u00eancia Brasil<\/p>\n","protected":false},"excerpt":{"rendered":"<p>Pessoas com S\u00edndrome de Down, parlamentares, representantes de organiza\u00e7\u00f5es da sociedade civil, professores e especialistas de diversas \u00e1reas, comemoraram hoje, 21, no Senado, o Dia Internacional da S\u00edndrome de Down. A iniciativa foi da Comiss\u00e3o de Assuntos Sociais da Casa, presida pelo senador Rom\u00e1rio (Pode-RJ). Segundo o senador, pai de Ivy Faria, portadora da s\u00edndrome, [&hellip;]<\/p>\n","protected":false},"author":96,"featured_media":97709,"comment_status":"closed","ping_status":"closed","sticky":false,"template":"","format":"standard","meta":{"footnotes":""},"categories":[302,436,439],"tags":[],"class_list":["post-136391","post","type-post","status-publish","format-standard","has-post-thumbnail","hentry","category-brasil-mundo","category-destaque-da-semana","category-ultima-hora"],"_links":{"self":[{"href":"https:\/\/diarioregionaldigital.com.br\/index.php?rest_route=\/wp\/v2\/posts\/136391","targetHints":{"allow":["GET"]}}],"collection":[{"href":"https:\/\/diarioregionaldigital.com.br\/index.php?rest_route=\/wp\/v2\/posts"}],"about":[{"href":"https:\/\/diarioregionaldigital.com.br\/index.php?rest_route=\/wp\/v2\/types\/post"}],"author":[{"embeddable":true,"href":"https:\/\/diarioregionaldigital.com.br\/index.php?rest_route=\/wp\/v2\/users\/96"}],"replies":[{"embeddable":true,"href":"https:\/\/diarioregionaldigital.com.br\/index.php?rest_route=%2Fwp%2Fv2%2Fcomments&post=136391"}],"version-history":[{"count":0,"href":"https:\/\/diarioregionaldigital.com.br\/index.php?rest_route=\/wp\/v2\/posts\/136391\/revisions"}],"wp:featuredmedia":[{"embeddable":true,"href":"https:\/\/diarioregionaldigital.com.br\/index.php?rest_route=\/wp\/v2\/media\/97709"}],"wp:attachment":[{"href":"https:\/\/diarioregionaldigital.com.br\/index.php?rest_route=%2Fwp%2Fv2%2Fmedia&parent=136391"}],"wp:term":[{"taxonomy":"category","embeddable":true,"href":"https:\/\/diarioregionaldigital.com.br\/index.php?rest_route=%2Fwp%2Fv2%2Fcategories&post=136391"},{"taxonomy":"post_tag","embeddable":true,"href":"https:\/\/diarioregionaldigital.com.br\/index.php?rest_route=%2Fwp%2Fv2%2Ftags&post=136391"}],"curies":[{"name":"wp","href":"https:\/\/api.w.org\/{rel}","templated":true}]}}