{"id":136389,"date":"2019-03-21T13:51:06","date_gmt":"2019-03-21T16:51:06","guid":{"rendered":"https:\/\/diarioregionaldigital.com.br\/?p=136389"},"modified":"2019-03-21T13:51:06","modified_gmt":"2019-03-21T16:51:06","slug":"temer-e-preso-em-desdobramento-da-lava-jato","status":"publish","type":"post","link":"https:\/\/diarioregionaldigital.com.br\/?p=136389","title":{"rendered":"Temer \u00e9 preso em desdobramento da Lava Jato"},"content":{"rendered":"<p>O ex-presidente Michel Temer foi preso preventivamente, na manh\u00e3 de hoje, 21, em S\u00e3o Paulo. A informa\u00e7\u00e3o foi confirmada por fontes da Pol\u00edcia Federal. Temer est\u00e1 sendo levado para o Aeroporto Internacional de Guarulhos, de onde segue para o Rio de Janeiro.<\/p>\n<p>No Rio, far\u00e1 exame de corpo de delito e ser\u00e1 encaminhado para a sede da institui\u00e7\u00e3o.<\/p>\n<p>A pris\u00e3o foi determinada pelo juiz federal Marcelo Bretas, titular da 7\u00aa Vara Federal Criminal do Rio, respons\u00e1vel pelas a\u00e7\u00f5es de desdobramento da Opera\u00e7\u00e3o Lava Jato.<\/p>\n<p>O ex-ministro de Minas e Energia da administra\u00e7\u00e3o emedebista Moreira Franco tamb\u00e9m \u00e9 alvo dos agentes nesta quinta-feira.<\/p>\n<p>A Opera\u00e7\u00e3o Descontamina\u00e7\u00e3o investiga desvios na Eletronuclear. Ao todo, foram expedidos oito mandados de pris\u00e3o preventiva, dois de pris\u00e3o tempor\u00e1ria e 24 de busca e apreens\u00e3o no Rio de Janeiro, em S\u00e3o Paulo, no Paran\u00e1 e Distrito Federal.<\/p>\n<p>De acordo com nota da PF, &#8220;a investiga\u00e7\u00e3o decorre de elementos colhidos nas Opera\u00e7\u00f5es Radioatividade, Pripyat e Irmandade, deflagradas anteriormente e, notadamente, em raz\u00e3o de colabora\u00e7\u00e3o premiada firmada pela Pol\u00edcia Federal.<\/p>\n<p>Filiado ao Movimento Democr\u00e1tico Brasileiro (MDB), Temer assumiu a Presid\u00eancia da Rep\u00fablica em maio de 2016, depois do processo de <em>impeachment<\/em> da ex-presidente Dilma Rousseff. Ao longo de sua trajet\u00f3ria pol\u00edtica, Temer foi presidente da C\u00e2mara dos Deputados, secret\u00e1rio da Seguran\u00e7a P\u00fablica e procurador-geral do estado de S\u00e3o Paulo.<\/p>\n<h2>Partido<\/h2>\n<p>O MDB lamenta a postura a\u00e7odada da Justi\u00e7a \u00e0 revelia do andamento de um inqu\u00e9rito em que foi demonstrado que n\u00e3o h\u00e1 irregularidade por parte de Temer e do ex-ministro Moreira Franco. O MDB espera que a Justi\u00e7a restabele\u00e7a as liberdades individuais, a presun\u00e7\u00e3o de inoc\u00eancia, o direito ao contradit\u00f3rio e o direito de defesa.<\/p>\n<p>Detalhes da opera\u00e7\u00e3o ser\u00e3o esclarecidos em entrevista coletiva hoje, \u00e0s 16h, na sede da PF, no Rio de Janeiro.<\/p>\n<p>Fonte: Ag\u00eancia Brasil<\/p>\n","protected":false},"excerpt":{"rendered":"<p>O ex-presidente Michel Temer foi preso preventivamente, na manh\u00e3 de hoje, 21, em S\u00e3o Paulo. A informa\u00e7\u00e3o foi confirmada por fontes da Pol\u00edcia Federal. Temer est\u00e1 sendo levado para o Aeroporto Internacional de Guarulhos, de onde segue para o Rio de Janeiro. No Rio, far\u00e1 exame de corpo de delito e ser\u00e1 encaminhado para a [&hellip;]<\/p>\n","protected":false},"author":96,"featured_media":136390,"comment_status":"closed","ping_status":"closed","sticky":false,"template":"","format":"standard","meta":{"footnotes":""},"categories":[436,440,254,439],"tags":[],"class_list":["post-136389","post","type-post","status-publish","format-standard","has-post-thumbnail","hentry","category-destaque-da-semana","category-destaques-do-dia","category-politica","category-ultima-hora"],"_links":{"self":[{"href":"https:\/\/diarioregionaldigital.com.br\/index.php?rest_route=\/wp\/v2\/posts\/136389","targetHints":{"allow":["GET"]}}],"collection":[{"href":"https:\/\/diarioregionaldigital.com.br\/index.php?rest_route=\/wp\/v2\/posts"}],"about":[{"href":"https:\/\/diarioregionaldigital.com.br\/index.php?rest_route=\/wp\/v2\/types\/post"}],"author":[{"embeddable":true,"href":"https:\/\/diarioregionaldigital.com.br\/index.php?rest_route=\/wp\/v2\/users\/96"}],"replies":[{"embeddable":true,"href":"https:\/\/diarioregionaldigital.com.br\/index.php?rest_route=%2Fwp%2Fv2%2Fcomments&post=136389"}],"version-history":[{"count":0,"href":"https:\/\/diarioregionaldigital.com.br\/index.php?rest_route=\/wp\/v2\/posts\/136389\/revisions"}],"wp:featuredmedia":[{"embeddable":true,"href":"https:\/\/diarioregionaldigital.com.br\/index.php?rest_route=\/wp\/v2\/media\/136390"}],"wp:attachment":[{"href":"https:\/\/diarioregionaldigital.com.br\/index.php?rest_route=%2Fwp%2Fv2%2Fmedia&parent=136389"}],"wp:term":[{"taxonomy":"category","embeddable":true,"href":"https:\/\/diarioregionaldigital.com.br\/index.php?rest_route=%2Fwp%2Fv2%2Fcategories&post=136389"},{"taxonomy":"post_tag","embeddable":true,"href":"https:\/\/diarioregionaldigital.com.br\/index.php?rest_route=%2Fwp%2Fv2%2Ftags&post=136389"}],"curies":[{"name":"wp","href":"https:\/\/api.w.org\/{rel}","templated":true}]}}