{"id":136383,"date":"2019-03-21T06:00:26","date_gmt":"2019-03-21T09:00:26","guid":{"rendered":"https:\/\/diarioregionaldigital.com.br\/?p=136383"},"modified":"2019-03-20T20:17:26","modified_gmt":"2019-03-20T23:17:26","slug":"edital-assembleia-sinagua-21-03-19","status":"publish","type":"post","link":"https:\/\/diarioregionaldigital.com.br\/?p=136383","title":{"rendered":"Edital Assembl\u00e9ia &#8211; Sinagua &#8211; 21\/03\/19"},"content":{"rendered":"<p style=\"text-align: center;\"><span style=\"font-size: 12pt;\"><strong>SINAGUA<\/strong><\/span><\/p>\n<p style=\"text-align: center;\">Sindicato dos Empregados nas Ind\u00fastrias e Servi\u00e7os de Purifica\u00e7\u00e3o e\/ou Distribui\u00e7\u00e3o de \u00c1gua e Servi\u00e7os de Esgoto de Juiz de Fora \u2013 MG<\/p>\n<p style=\"text-align: center;\"><strong><span style=\"font-size: 14pt;\">Assembleia com Paralisa\u00e7\u00e3o<\/span><\/strong><\/p>\n<p style=\"text-align: center;\">O Presidente do SINDICATO DOS EMPREGADOS NAS IND\u00daSTRIAS E SERVI\u00c7OS DE PURIFICA\u00c7\u00c3O E\/OU DISTRIBUI\u00c7\u00c3O DE \u00c1GUA E SERVI\u00c7OS DE ESGOTO DE JUIZ DE FORA \u2013 MG, convoca a categoria para Assembleia Geral, que far\u00e1 realizar no pr\u00f3ximo dia 21\/03\/19, \u00e0s 18:00h em primeira convoca\u00e7\u00e3o com presen\u00e7a de maioria simples dos associados, e em segunda convoca\u00e7\u00e3o, \u00e0s 18:30h com qualquer n\u00famero de associados, conforme termos do Estatuto, na Rua: Bar\u00e3o de Cataguases, n.\u00ba 55 \u2013 Centro.<\/p>\n<p style=\"text-align: center;\">Assunto: RESPOSTA DA CESAMA &#8211; ACT &#8211; \u00a02019\/2020; PROMO\u00c7\u00c3O; PARALISA\u00c7\u00c3O OU INDICATIVO DE GREVE; OUTROS ASSUNTOS.<\/p>\n<p style=\"text-align: center;\"><strong>Juiz de Fora, 21 de mar\u00e7o de 2019.<\/strong><\/p>\n<p style=\"text-align: center;\"><strong>Edinaldo Sid Clei Ladeira Ramos\u00a0 &#8211; Presidente<\/strong><\/p>\n","protected":false},"excerpt":{"rendered":"<p>SINAGUA Sindicato dos Empregados nas Ind\u00fastrias e Servi\u00e7os de Purifica\u00e7\u00e3o e\/ou Distribui\u00e7\u00e3o de \u00c1gua e Servi\u00e7os de Esgoto de Juiz de Fora \u2013 MG Assembleia com Paralisa\u00e7\u00e3o O Presidente do SINDICATO DOS EMPREGADOS NAS IND\u00daSTRIAS E SERVI\u00c7OS DE PURIFICA\u00c7\u00c3O E\/OU DISTRIBUI\u00c7\u00c3O DE \u00c1GUA E SERVI\u00c7OS DE ESGOTO DE JUIZ DE FORA \u2013 MG, convoca a [&hellip;]<\/p>\n","protected":false},"author":96,"featured_media":0,"comment_status":"closed","ping_status":"closed","sticky":false,"template":"","format":"standard","meta":{"footnotes":""},"categories":[307],"tags":[],"class_list":["post-136383","post","type-post","status-publish","format-standard","hentry","category-editais"],"_links":{"self":[{"href":"https:\/\/diarioregionaldigital.com.br\/index.php?rest_route=\/wp\/v2\/posts\/136383","targetHints":{"allow":["GET"]}}],"collection":[{"href":"https:\/\/diarioregionaldigital.com.br\/index.php?rest_route=\/wp\/v2\/posts"}],"about":[{"href":"https:\/\/diarioregionaldigital.com.br\/index.php?rest_route=\/wp\/v2\/types\/post"}],"author":[{"embeddable":true,"href":"https:\/\/diarioregionaldigital.com.br\/index.php?rest_route=\/wp\/v2\/users\/96"}],"replies":[{"embeddable":true,"href":"https:\/\/diarioregionaldigital.com.br\/index.php?rest_route=%2Fwp%2Fv2%2Fcomments&post=136383"}],"version-history":[{"count":0,"href":"https:\/\/diarioregionaldigital.com.br\/index.php?rest_route=\/wp\/v2\/posts\/136383\/revisions"}],"wp:attachment":[{"href":"https:\/\/diarioregionaldigital.com.br\/index.php?rest_route=%2Fwp%2Fv2%2Fmedia&parent=136383"}],"wp:term":[{"taxonomy":"category","embeddable":true,"href":"https:\/\/diarioregionaldigital.com.br\/index.php?rest_route=%2Fwp%2Fv2%2Fcategories&post=136383"},{"taxonomy":"post_tag","embeddable":true,"href":"https:\/\/diarioregionaldigital.com.br\/index.php?rest_route=%2Fwp%2Fv2%2Ftags&post=136383"}],"curies":[{"name":"wp","href":"https:\/\/api.w.org\/{rel}","templated":true}]}}