{"id":136381,"date":"2019-03-21T06:00:12","date_gmt":"2019-03-21T09:00:12","guid":{"rendered":"https:\/\/diarioregionaldigital.com.br\/?p=136381"},"modified":"2019-03-20T20:14:20","modified_gmt":"2019-03-20T23:14:20","slug":"prefeitura-tocantins-licitacao-no026-21-03-19","status":"publish","type":"post","link":"https:\/\/diarioregionaldigital.com.br\/?p=136381","title":{"rendered":"Prefeitura Tocantins &#8211; Licita\u00e7\u00e3o n\u00ba026 &#8211; 21\/03\/19"},"content":{"rendered":"<p style=\"margin: 0cm; margin-bottom: .0001pt; text-align: center;\" align=\"center\"><b><span style=\"font-family: 'Century Gothic','sans-serif'; color: black;\">AVISO DE LICITA\u00c7\u00c3O<\/span><\/b><\/p>\n<p style=\"margin: 0cm; margin-bottom: .0001pt; text-align: center;\" align=\"center\"><b><span style=\"font-family: 'Century Gothic','sans-serif'; color: black;\">\u00a0<\/span><\/b><\/p>\n<p style=\"margin: 0cm; margin-bottom: .0001pt; text-align: center;\" align=\"center\"><b><span style=\"font-family: 'Century Gothic','sans-serif'; color: black;\">Licita\u00e7\u00e3o n\u00b0 026\/2019<\/span><\/b><\/p>\n<p style=\"margin: 0cm; margin-bottom: .0001pt; text-align: center;\" align=\"center\"><b><span style=\"font-family: 'Century Gothic','sans-serif'; color: black;\">Modalidade de Preg\u00e3o Presencial n\u00b0 021\/2019<\/span><\/b><\/p>\n<p style=\"margin: 0cm; margin-bottom: .0001pt; text-align: justify;\"><span style=\"font-family: 'Century Gothic','sans-serif'; color: black;\">O Munic\u00edpio de TOCANTINS, na forma da lei, faz saber a todos os interessados que far\u00e1 licita\u00e7\u00e3o na modalidade de PREG\u00c3O PRESENCIAL, tendo como objeto o fornecimento de G\u00c1S DE COZINHA GLP ACONDICIONADO EM BOTIJ\u00c3O DE 13KG, para as diversas secretarias, cuja sess\u00e3o p\u00fablica se dar\u00e1 no dia 04\/04\/2019 as 14:00 horas na sala da comiss\u00e3o de licita\u00e7\u00e3o, localizada na Av. Padre Mac\u00e1rio, n\u00b0 129, bairro Centro, munic\u00edpio de TOCANTINS\/MG. O edital completo encontra-se a disposi\u00e7\u00e3o dos interessados no endere\u00e7o citado anteriormente, no hor\u00e1rio de expediente de 08:00 as 11:00 horas e das 13:00 as 16:00 horas. TOCANTINS, 20 de mar\u00e7o de 2019.<\/span><\/p>\n<p style=\"margin: 0cm; margin-bottom: .0001pt; text-align: center;\" align=\"center\"><span style=\"font-family: 'Century Gothic','sans-serif'; color: black;\">\u00a0<\/span><\/p>\n<p style=\"margin: 0cm; margin-bottom: .0001pt; text-align: center;\" align=\"center\"><span style=\"font-family: 'Century Gothic','sans-serif'; color: black;\">_________________________________________<\/span><\/p>\n<p style=\"margin: 0cm; margin-bottom: .0001pt; text-align: center;\" align=\"center\"><b><span style=\"font-family: 'Century Gothic','sans-serif'; color: black;\">ANA LUCIA RODRIGUES<\/span><\/b><\/p>\n<p style=\"margin: 0cm; margin-bottom: .0001pt; text-align: center;\" align=\"center\"><b><span style=\"font-family: 'Century Gothic','sans-serif'; color: black;\">\u00a0Pregoeira<\/span><\/b><\/p>\n","protected":false},"excerpt":{"rendered":"<p>AVISO DE LICITA\u00c7\u00c3O \u00a0 Licita\u00e7\u00e3o n\u00b0 026\/2019 Modalidade de Preg\u00e3o Presencial n\u00b0 021\/2019 O Munic\u00edpio de TOCANTINS, na forma da lei, faz saber a todos os interessados que far\u00e1 licita\u00e7\u00e3o na modalidade de PREG\u00c3O PRESENCIAL, tendo como objeto o fornecimento de G\u00c1S DE COZINHA GLP ACONDICIONADO EM BOTIJ\u00c3O DE 13KG, para as diversas secretarias, cuja [&hellip;]<\/p>\n","protected":false},"author":96,"featured_media":0,"comment_status":"closed","ping_status":"closed","sticky":false,"template":"","format":"standard","meta":{"footnotes":""},"categories":[307],"tags":[],"class_list":["post-136381","post","type-post","status-publish","format-standard","hentry","category-editais"],"_links":{"self":[{"href":"https:\/\/diarioregionaldigital.com.br\/index.php?rest_route=\/wp\/v2\/posts\/136381","targetHints":{"allow":["GET"]}}],"collection":[{"href":"https:\/\/diarioregionaldigital.com.br\/index.php?rest_route=\/wp\/v2\/posts"}],"about":[{"href":"https:\/\/diarioregionaldigital.com.br\/index.php?rest_route=\/wp\/v2\/types\/post"}],"author":[{"embeddable":true,"href":"https:\/\/diarioregionaldigital.com.br\/index.php?rest_route=\/wp\/v2\/users\/96"}],"replies":[{"embeddable":true,"href":"https:\/\/diarioregionaldigital.com.br\/index.php?rest_route=%2Fwp%2Fv2%2Fcomments&post=136381"}],"version-history":[{"count":0,"href":"https:\/\/diarioregionaldigital.com.br\/index.php?rest_route=\/wp\/v2\/posts\/136381\/revisions"}],"wp:attachment":[{"href":"https:\/\/diarioregionaldigital.com.br\/index.php?rest_route=%2Fwp%2Fv2%2Fmedia&parent=136381"}],"wp:term":[{"taxonomy":"category","embeddable":true,"href":"https:\/\/diarioregionaldigital.com.br\/index.php?rest_route=%2Fwp%2Fv2%2Fcategories&post=136381"},{"taxonomy":"post_tag","embeddable":true,"href":"https:\/\/diarioregionaldigital.com.br\/index.php?rest_route=%2Fwp%2Fv2%2Ftags&post=136381"}],"curies":[{"name":"wp","href":"https:\/\/api.w.org\/{rel}","templated":true}]}}