{"id":136377,"date":"2019-03-21T06:00:09","date_gmt":"2019-03-21T09:00:09","guid":{"rendered":"https:\/\/diarioregionaldigital.com.br\/?p=136377"},"modified":"2019-03-20T20:09:33","modified_gmt":"2019-03-20T23:09:33","slug":"prefeitura-de-tocantins-ana-lucia-rodrigues-21-03-19","status":"publish","type":"post","link":"https:\/\/diarioregionaldigital.com.br\/?p=136377","title":{"rendered":"Prefeitura de Tocantins &#8211; Ana L\u00facia Rodrigues &#8211; 21\/03\/19"},"content":{"rendered":"<p style=\"text-align: center;\"><strong>AVISO DE LICITA\u00c7\u00c3O<\/strong><\/p>\n<p style=\"text-align: center;\"><strong>ATA DE JULGAMENTO DE IMPUGNA\u00c7\u00c3O AO EDITAL<\/strong><\/p>\n<p style=\"text-align: center;\">Aos 18 (dezoito) dias do m\u00eas de mar\u00e7o de 2019, a Pregoeira da Prefeitura de Tocantins &#8211; MG, Ana Lucia Rodrigues, designada pela Portaria n\u00ba 215\/2018, analisou a impugna\u00e7\u00e3o feita ao Edital do processo licitat\u00f3rio preg\u00e3o 009\/2019, que tem como objeto\u00a0<strong>contrata\u00e7\u00e3o de empresa com prestador de servi\u00e7os de internet para atender a secretaria de sa\u00fade\u00a0<\/strong>do<strong>\u00a0<\/strong>\u00a0Munic\u00edpio de Tocantins\/ MG.\u00a0Apresentou a \u00a0impugna\u00e7\u00e3o a empresa:\u00a0<strong>BRASIL RADIOWAVE LTDA &#8211; EPP<\/strong>\u00a0. Diante\u00a0do o exposto, a Pregoeira decidiu pelo<strong>\u00a0IMPROVIMENTO\u00a0<\/strong>da presente Impugna\u00e7\u00e3o, uma vez que as raz\u00f5es apresentadas pelo Impugnante carecem de fundamento razo\u00e1vel para determinar a retifica\u00e7\u00e3o do Edital, com a intima\u00e7\u00e3o da Impugnante do teor da decis\u00e3o, determinando-se o pros segmento do feito.\u00a0\u00a0Nada mais havendo a tratar, a presente ata foi lida e aprovada pela pregoeira.<\/p>\n<p style=\"text-align: center;\"><strong>_________________________________________<\/strong><\/p>\n<p style=\"text-align: center;\"><strong>ANA L\u00daCIA RODRIGUES<\/strong><\/p>\n<p style=\"text-align: center;\"><strong>PREGOEIRA<\/strong><\/p>\n","protected":false},"excerpt":{"rendered":"<p>AVISO DE LICITA\u00c7\u00c3O ATA DE JULGAMENTO DE IMPUGNA\u00c7\u00c3O AO EDITAL Aos 18 (dezoito) dias do m\u00eas de mar\u00e7o de 2019, a Pregoeira da Prefeitura de Tocantins &#8211; MG, Ana Lucia Rodrigues, designada pela Portaria n\u00ba 215\/2018, analisou a impugna\u00e7\u00e3o feita ao Edital do processo licitat\u00f3rio preg\u00e3o 009\/2019, que tem como objeto\u00a0contrata\u00e7\u00e3o de empresa com prestador [&hellip;]<\/p>\n","protected":false},"author":96,"featured_media":0,"comment_status":"closed","ping_status":"closed","sticky":false,"template":"","format":"standard","meta":{"footnotes":""},"categories":[307],"tags":[],"class_list":["post-136377","post","type-post","status-publish","format-standard","hentry","category-editais"],"_links":{"self":[{"href":"https:\/\/diarioregionaldigital.com.br\/index.php?rest_route=\/wp\/v2\/posts\/136377","targetHints":{"allow":["GET"]}}],"collection":[{"href":"https:\/\/diarioregionaldigital.com.br\/index.php?rest_route=\/wp\/v2\/posts"}],"about":[{"href":"https:\/\/diarioregionaldigital.com.br\/index.php?rest_route=\/wp\/v2\/types\/post"}],"author":[{"embeddable":true,"href":"https:\/\/diarioregionaldigital.com.br\/index.php?rest_route=\/wp\/v2\/users\/96"}],"replies":[{"embeddable":true,"href":"https:\/\/diarioregionaldigital.com.br\/index.php?rest_route=%2Fwp%2Fv2%2Fcomments&post=136377"}],"version-history":[{"count":0,"href":"https:\/\/diarioregionaldigital.com.br\/index.php?rest_route=\/wp\/v2\/posts\/136377\/revisions"}],"wp:attachment":[{"href":"https:\/\/diarioregionaldigital.com.br\/index.php?rest_route=%2Fwp%2Fv2%2Fmedia&parent=136377"}],"wp:term":[{"taxonomy":"category","embeddable":true,"href":"https:\/\/diarioregionaldigital.com.br\/index.php?rest_route=%2Fwp%2Fv2%2Fcategories&post=136377"},{"taxonomy":"post_tag","embeddable":true,"href":"https:\/\/diarioregionaldigital.com.br\/index.php?rest_route=%2Fwp%2Fv2%2Ftags&post=136377"}],"curies":[{"name":"wp","href":"https:\/\/api.w.org\/{rel}","templated":true}]}}