{"id":136375,"date":"2019-03-21T06:00:29","date_gmt":"2019-03-21T09:00:29","guid":{"rendered":"https:\/\/diarioregionaldigital.com.br\/?p=136375"},"modified":"2019-03-20T20:06:49","modified_gmt":"2019-03-20T23:06:49","slug":"prefeitura-municipal-de-descoberto-21-03-19","status":"publish","type":"post","link":"https:\/\/diarioregionaldigital.com.br\/?p=136375","title":{"rendered":"Prefeitura Municipal de Descoberto &#8211; 21\/03\/19"},"content":{"rendered":"<p style=\"text-align: center;\"><strong>EXTRATO PRIMEIRO TERMO ADITIVO DE CONTRATO<\/strong><\/p>\n<p style=\"text-align: center;\">1\u00ba Termo Aditivo. Pref. Municipal de Descoberto x Odontologia Carpinetti Ltda- Objeto: Constitui objeto do presente termo aditivo em at\u00e9 25% das quantidades e modifica\u00e7\u00e3o do prazo de vig\u00eancia do contrato, que passar\u00e1 a vigorar de 07\/03\/19 a 07\/09\/2019- Fundamento: Carta Convite n\u00ba 001\/2018 \u2013 Valor Global: 17.400,00 \u2013 Dot or\u00e7: 02.05002.10.301.0004.285-339039\/102- Ass: 01\/03\/19- Foro: S\u00e3o Jo\u00e3o Nepomuceno\/MG<\/p>\n<p style=\"text-align: center;\"><strong>Marcos de Ara\u00fajo Lima<\/strong><\/p>\n<p style=\"text-align: center;\"><strong>Prefeito Municipal<\/strong><\/p>\n","protected":false},"excerpt":{"rendered":"<p>EXTRATO PRIMEIRO TERMO ADITIVO DE CONTRATO 1\u00ba Termo Aditivo. Pref. Municipal de Descoberto x Odontologia Carpinetti Ltda- Objeto: Constitui objeto do presente termo aditivo em at\u00e9 25% das quantidades e modifica\u00e7\u00e3o do prazo de vig\u00eancia do contrato, que passar\u00e1 a vigorar de 07\/03\/19 a 07\/09\/2019- Fundamento: Carta Convite n\u00ba 001\/2018 \u2013 Valor Global: 17.400,00 \u2013 [&hellip;]<\/p>\n","protected":false},"author":96,"featured_media":0,"comment_status":"closed","ping_status":"closed","sticky":false,"template":"","format":"standard","meta":{"footnotes":""},"categories":[307],"tags":[],"class_list":["post-136375","post","type-post","status-publish","format-standard","hentry","category-editais"],"_links":{"self":[{"href":"https:\/\/diarioregionaldigital.com.br\/index.php?rest_route=\/wp\/v2\/posts\/136375","targetHints":{"allow":["GET"]}}],"collection":[{"href":"https:\/\/diarioregionaldigital.com.br\/index.php?rest_route=\/wp\/v2\/posts"}],"about":[{"href":"https:\/\/diarioregionaldigital.com.br\/index.php?rest_route=\/wp\/v2\/types\/post"}],"author":[{"embeddable":true,"href":"https:\/\/diarioregionaldigital.com.br\/index.php?rest_route=\/wp\/v2\/users\/96"}],"replies":[{"embeddable":true,"href":"https:\/\/diarioregionaldigital.com.br\/index.php?rest_route=%2Fwp%2Fv2%2Fcomments&post=136375"}],"version-history":[{"count":0,"href":"https:\/\/diarioregionaldigital.com.br\/index.php?rest_route=\/wp\/v2\/posts\/136375\/revisions"}],"wp:attachment":[{"href":"https:\/\/diarioregionaldigital.com.br\/index.php?rest_route=%2Fwp%2Fv2%2Fmedia&parent=136375"}],"wp:term":[{"taxonomy":"category","embeddable":true,"href":"https:\/\/diarioregionaldigital.com.br\/index.php?rest_route=%2Fwp%2Fv2%2Fcategories&post=136375"},{"taxonomy":"post_tag","embeddable":true,"href":"https:\/\/diarioregionaldigital.com.br\/index.php?rest_route=%2Fwp%2Fv2%2Ftags&post=136375"}],"curies":[{"name":"wp","href":"https:\/\/api.w.org\/{rel}","templated":true}]}}