{"id":136356,"date":"2019-03-20T18:31:10","date_gmt":"2019-03-20T21:31:10","guid":{"rendered":"https:\/\/diarioregionaldigital.com.br\/?p=136356"},"modified":"2019-03-20T18:31:10","modified_gmt":"2019-03-20T21:31:10","slug":"pesquisa-aponta-alta-no-preco-medio-do-leite-tipo-c","status":"publish","type":"post","link":"https:\/\/diarioregionaldigital.com.br\/?p=136356","title":{"rendered":"Pesquisa aponta alta no pre\u00e7o m\u00e9dio do leite tipo C"},"content":{"rendered":"<p>A pesquisa semanal do pre\u00e7o m\u00e9dio do litro do leite tipo C realizada pela Secretaria de Agropecu\u00e1ria e Abastecimento (SAA) da Prefeitura de Juiz de Fora (PJF) registrou alta de 0,6%, passando a custar R$3,362.<\/p>\n<p>Os valores m\u00e1ximo e m\u00ednimo permaneceram inalterados, respectivamente, R$ 4,25 e R$2,80. Em rela\u00e7\u00e3o ao mesmo per\u00edodo do ano passado, a varia\u00e7\u00e3o foi de 13,40%. A pesquisa, que tem como objetivo informar a popula\u00e7\u00e3o sobre varia\u00e7\u00f5es de pre\u00e7o do produto, foi realizada nas oito regi\u00f5es do munic\u00edpio, em 53 estabelecimentos pelo Departamento de Fomento Agropecu\u00e1rio, Promo\u00e7\u00e3o Rural e Informa\u00e7\u00e3o (Dfapri) da SAA.<\/p>\n<p>Segundo a pasta, \u00e9 por meio do percentual do valor m\u00e9dio de comercializa\u00e7\u00e3o que os latic\u00ednios estabelecem o valor do leite in natura com produtores da cidade e regi\u00e3o. Os dados podem ser consultados no site da PJF.<\/p>\n","protected":false},"excerpt":{"rendered":"<p>A pesquisa semanal do pre\u00e7o m\u00e9dio do litro do leite tipo C realizada pela Secretaria de Agropecu\u00e1ria e Abastecimento (SAA) da Prefeitura de Juiz de Fora (PJF) registrou alta de 0,6%, passando a custar R$3,362. Os valores m\u00e1ximo e m\u00ednimo permaneceram inalterados, respectivamente, R$ 4,25 e R$2,80. Em rela\u00e7\u00e3o ao mesmo per\u00edodo do ano passado, [&hellip;]<\/p>\n","protected":false},"author":96,"featured_media":136357,"comment_status":"closed","ping_status":"closed","sticky":false,"template":"","format":"standard","meta":{"footnotes":""},"categories":[253,436,440,439],"tags":[],"class_list":["post-136356","post","type-post","status-publish","format-standard","has-post-thumbnail","hentry","category-cidade","category-destaque-da-semana","category-destaques-do-dia","category-ultima-hora"],"_links":{"self":[{"href":"https:\/\/diarioregionaldigital.com.br\/index.php?rest_route=\/wp\/v2\/posts\/136356","targetHints":{"allow":["GET"]}}],"collection":[{"href":"https:\/\/diarioregionaldigital.com.br\/index.php?rest_route=\/wp\/v2\/posts"}],"about":[{"href":"https:\/\/diarioregionaldigital.com.br\/index.php?rest_route=\/wp\/v2\/types\/post"}],"author":[{"embeddable":true,"href":"https:\/\/diarioregionaldigital.com.br\/index.php?rest_route=\/wp\/v2\/users\/96"}],"replies":[{"embeddable":true,"href":"https:\/\/diarioregionaldigital.com.br\/index.php?rest_route=%2Fwp%2Fv2%2Fcomments&post=136356"}],"version-history":[{"count":0,"href":"https:\/\/diarioregionaldigital.com.br\/index.php?rest_route=\/wp\/v2\/posts\/136356\/revisions"}],"wp:featuredmedia":[{"embeddable":true,"href":"https:\/\/diarioregionaldigital.com.br\/index.php?rest_route=\/wp\/v2\/media\/136357"}],"wp:attachment":[{"href":"https:\/\/diarioregionaldigital.com.br\/index.php?rest_route=%2Fwp%2Fv2%2Fmedia&parent=136356"}],"wp:term":[{"taxonomy":"category","embeddable":true,"href":"https:\/\/diarioregionaldigital.com.br\/index.php?rest_route=%2Fwp%2Fv2%2Fcategories&post=136356"},{"taxonomy":"post_tag","embeddable":true,"href":"https:\/\/diarioregionaldigital.com.br\/index.php?rest_route=%2Fwp%2Fv2%2Ftags&post=136356"}],"curies":[{"name":"wp","href":"https:\/\/api.w.org\/{rel}","templated":true}]}}