{"id":136355,"date":"2019-03-20T18:34:13","date_gmt":"2019-03-20T21:34:13","guid":{"rendered":"https:\/\/diarioregionaldigital.com.br\/?p=136355"},"modified":"2019-03-20T18:36:40","modified_gmt":"2019-03-20T21:36:40","slug":"barragem-na-zona-da-mata-deixa-estado-de-emergencia-mas-mantem-alerta","status":"publish","type":"post","link":"https:\/\/diarioregionaldigital.com.br\/?p=136355","title":{"rendered":"Barragem na Zona da Mata deixa estado de emerg\u00eancia, mas mant\u00e9m alerta"},"content":{"rendered":"<p>Em comunicado divulgado nesta quarta-feira, 20, a Defesa Civil do munic\u00edpio de Rio Preto informou que a mineradora Vale rebaixou para 1 o n\u00edvel da Pequena Central Hidrel\u00e9trica (PCH) Mello, deixando o estado de emerg\u00eancia e retornando ao estado de alerta.<\/p>\n<p>\u201cDe acordo com a mineradora, diversos fatores foram considerados para que o n\u00edvel voltasse ao estado de alerta. O relat\u00f3rio apresentado pela Walm Engenharia foi conclusivo e n\u00e3o identificou nenhum dano estrutural na barragem, n\u00e3o comprometendo, portanto, sua integridade f\u00edsica. Al\u00e9m disso, o volume de \u00e1gua na represa apresentou uma redu\u00e7\u00e3o de 33 cm, fazendo com que o n\u00edvel entrasse novamente em situa\u00e7\u00e3o de normalidade para essa \u00e9poca do ano\u201d, informou a Prefeitura no comunicado divulgado atrav\u00e9s das redes sociais.<\/p>\n<p>Ainda segundo as informa\u00e7\u00f5es publicadas, a mineradora Vale se reuniu com as 29 pessoas que estavam na Zona de Auto Salvamento na manh\u00e3 desta quarta-feira. Na ocasi\u00e3o, foram apresentadas justificativas t\u00e9cnicas para a volta do estado de alerta. \u201cNo entanto, a for\u00e7a tarefa mobilizada para tra\u00e7ar o Plano de A\u00e7\u00e3o de Emerg\u00eancia vai continuar em andamento, orientando a comunidade e desenvolvendo simulados para que a popula\u00e7\u00e3o esteja ciente de como agir no enfrentamento de situa\u00e7\u00f5es de emerg\u00eancia\u201d, informou.Oprefeito In\u00e1cio Ferreira anunciou a retirada do estado de emerg\u00eancia atrav\u00e9s de um v\u00eddeo publicado na p\u00e1gina oficial da Prefeitura.<\/p>\n<p>Al\u00e9m disso, a Defesa Civil do munic\u00edpio informou que as Zonas de Auto Salvamento (ZAS) foram liberadas e os propriet\u00e1rios est\u00e3o autorizados a retornar para suas casas. Os tr\u00eas pontos de bloqueio passam agora a funcionar como pontos de controle, at\u00e9 que a obra de refor\u00e7o na estrutura da barragem seja conclu\u00edda. \u201cA for\u00e7a tarefa mobilizada para tra\u00e7ar o Plano de A\u00e7\u00e3o de Emerg\u00eancia vai continuar em andamento, orientando a comunidade e desenvolvendo simulados para que a popula\u00e7\u00e3o esteja ciente\u00a0de como agir no enfrentamento de situa\u00e7\u00f5es de emerg\u00eancia\u201d, comunicou a Prefeitura Municipal de Rio Preto, que agradeceu a compreens\u00e3o da popula\u00e7\u00e3o, especialmente aqueles diretamente atingidos pela Zona de Auto Salvamento. Ainda foi pedido a colabora\u00e7\u00e3o de todos nessa nova etapa do Plano de A\u00e7\u00e3o, no qual as orienta\u00e7\u00f5es ser\u00e3o passadas pela Defesa Civil municipal.<\/p>\n<p>O canal de comunica\u00e7\u00e3o por telefone da Defesa Civil municipal vai continuar funcionando, at\u00e9 que o Plano de A\u00e7\u00e3o seja conclu\u00eddo.O canal, n\u00famero (32) 98451-9262, tem como objetivo informar e orientar a popula\u00e7\u00e3o e impedir a dissemina\u00e7\u00e3o de boatos e not\u00edcias falsas.<\/p>\n<p>&nbsp;<\/p>\n<p><strong>HIST\u00d3RICO<\/strong><\/p>\n<p>No \u00faltimo s\u00e1bado, 16, 29 pessoas foram removidas de suas casas entre os munic\u00edpios de Santa B\u00e1rbara do Monte Verde e Rio Preto, a cerca de 80 quil\u00f4metros de Juiz de Fora. Segundo informa\u00e7\u00f5es da Pol\u00edcia Militar, a Vale solicitou a medida de seguran\u00e7a ap\u00f3s as fortes chuvas que teriam elevado a barragem para n\u00edvel 2 de risco. As 19 fam\u00edlias afetadas foram encaminhadas para hot\u00e9is e pousadas da regi\u00e3o, com apoio da PM e da Defesa Civil.<\/p>\n<p>Toda a opera\u00e7\u00e3o das a\u00e7\u00f5es emergenciais foi coordenada em parceria da Defesa Civil Estadual, Pol\u00edcia Militar, Corpo de Bombeiros, Vale e Defesa Civil Municipal.<\/p>\n","protected":false},"excerpt":{"rendered":"<p>Em comunicado divulgado nesta quarta-feira, 20, a Defesa Civil do munic\u00edpio de Rio Preto informou que a mineradora Vale rebaixou para 1 o n\u00edvel da Pequena Central Hidrel\u00e9trica (PCH) Mello, deixando o estado de emerg\u00eancia e retornando ao estado de alerta. \u201cDe acordo com a mineradora, diversos fatores foram considerados para que o n\u00edvel voltasse [&hellip;]<\/p>\n","protected":false},"author":96,"featured_media":136359,"comment_status":"closed","ping_status":"closed","sticky":false,"template":"","format":"standard","meta":{"footnotes":""},"categories":[436,440,252,439],"tags":[],"class_list":["post-136355","post","type-post","status-publish","format-standard","has-post-thumbnail","hentry","category-destaque-da-semana","category-destaques-do-dia","category-regiao","category-ultima-hora"],"_links":{"self":[{"href":"https:\/\/diarioregionaldigital.com.br\/index.php?rest_route=\/wp\/v2\/posts\/136355","targetHints":{"allow":["GET"]}}],"collection":[{"href":"https:\/\/diarioregionaldigital.com.br\/index.php?rest_route=\/wp\/v2\/posts"}],"about":[{"href":"https:\/\/diarioregionaldigital.com.br\/index.php?rest_route=\/wp\/v2\/types\/post"}],"author":[{"embeddable":true,"href":"https:\/\/diarioregionaldigital.com.br\/index.php?rest_route=\/wp\/v2\/users\/96"}],"replies":[{"embeddable":true,"href":"https:\/\/diarioregionaldigital.com.br\/index.php?rest_route=%2Fwp%2Fv2%2Fcomments&post=136355"}],"version-history":[{"count":0,"href":"https:\/\/diarioregionaldigital.com.br\/index.php?rest_route=\/wp\/v2\/posts\/136355\/revisions"}],"wp:featuredmedia":[{"embeddable":true,"href":"https:\/\/diarioregionaldigital.com.br\/index.php?rest_route=\/wp\/v2\/media\/136359"}],"wp:attachment":[{"href":"https:\/\/diarioregionaldigital.com.br\/index.php?rest_route=%2Fwp%2Fv2%2Fmedia&parent=136355"}],"wp:term":[{"taxonomy":"category","embeddable":true,"href":"https:\/\/diarioregionaldigital.com.br\/index.php?rest_route=%2Fwp%2Fv2%2Fcategories&post=136355"},{"taxonomy":"post_tag","embeddable":true,"href":"https:\/\/diarioregionaldigital.com.br\/index.php?rest_route=%2Fwp%2Fv2%2Ftags&post=136355"}],"curies":[{"name":"wp","href":"https:\/\/api.w.org\/{rel}","templated":true}]}}