{"id":136352,"date":"2019-03-21T06:00:15","date_gmt":"2019-03-21T09:00:15","guid":{"rendered":"https:\/\/diarioregionaldigital.com.br\/?p=136352"},"modified":"2019-03-20T18:00:26","modified_gmt":"2019-03-20T21:00:26","slug":"em-sintonia","status":"publish","type":"post","link":"https:\/\/diarioregionaldigital.com.br\/?p=136352","title":{"rendered":"Em Sintonia"},"content":{"rendered":"<p style=\"text-align: center;\"><strong>Em Cena <\/strong><\/p>\n<p style=\"text-align: center;\">Com sua famosa cortina vermelha, o Cine-Theatro Central vai comemorar 90 anos no dia 30 de mar\u00e7o. A festa para convidados colocar\u00e1 no palco, show de Alceu Valen\u00e7a \u201cValencianas\u201d e a Orquestra Ouro Preto, regida pelo maestro Rodrigo Toffolo. A bel\u00edssima hist\u00f3ria musical do cantor pernambucano ter\u00e1, pela primeira vez, parte de sua obra arranjada para m\u00fasica de concerto.<\/p>\n<p style=\"text-align: center;\"><strong>Na Mesa <\/strong><\/p>\n<p style=\"text-align: center;\">A \u00e9poca de quaresma convida o paladar para uma boa bacalhoada. O Restaurante Le Portuga, no Parque Jardim da Serra, re\u00fane em seu card\u00e1pio em que o bacalhau \u00e9 a vedete principal. Os pratos \u00e0 Lagareda e Transmontana e os tradicionais levam cebola roxa, tomatinhos, azeitona preta, batatas ao forno, cebola caramelizada no vinho tinto, generosas postas de bacalhau e tamb\u00e9m lasanha e risoto.<\/p>\n<p style=\"text-align: center;\"><strong>Concurso P\u00fablico<\/strong><\/p>\n<p style=\"text-align: center;\">Tendo como cen\u00e1rio a Funda\u00e7\u00e3o Getulio Vargas, no Rio, o ministro da Economia, Paulo Guedes, afirmou que o governo conta com apoio dos entes federativos (estados e munic\u00edpios) para aprovar a reforma da Previd\u00eancia. Ele disse que metade do funcionalismo federal vai se aposentar nos pr\u00f3ximos anos, mas que a proposta do governo \u00e9 investir na digitaliza\u00e7\u00e3o. A ideia \u00e9 n\u00e3o contratar pessoas para repor depois da aposentadoria de 50% do funcionalismo p\u00fablico nos pr\u00f3ximos anos e investir na digitaliza\u00e7\u00e3o.<\/p>\n<p style=\"text-align: center;\"><strong>Em Sintonia<\/strong><\/p>\n<p style=\"text-align: center;\">Com as lojas de olho nas cole\u00e7\u00f5es outono-inverno, as fashionistas Andrea Marques e Roberta do Rio apostam na linha de joias criadas a quatro m\u00e3os e inspirada no tema \u201cVentos N\u00f4mades\u201d. A Cole\u00e7\u00e3o C\u00e1psula tem 15 diferentes pe\u00e7as, como an\u00e9is, braceletes, colares e pingentes, em forma de figas, m\u00e1scaras e dentes.<\/p>\n<p style=\"text-align: center;\"><strong>M\u00fasica<\/strong><\/p>\n<p style=\"text-align: center;\">O pianista Guilherme Veroneze e o baixista Adalberto Silva se apresentam com um repert\u00f3rio dedicado \u00e0 m\u00fasica brasileira no Espa\u00e7o Excalibur, quinta-feira, a partir das 20h. A produ\u00e7\u00e3o \u00e9 da Eliza Granadeiro, da Sinf\u00f4nica Produ\u00e7\u00f5es.<\/p>\n<div id=\"attachment_136339\" style=\"width: 690px\" class=\"wp-caption aligncenter\"><img loading=\"lazy\" decoding=\"async\" aria-describedby=\"caption-attachment-136339\" class=\"wp-image-136339\" src=\"https:\/\/diarioregionaldigital.com.br\/wp-content\/uploads\/2019\/03\/fotoa-4.jpg\" alt=\"\" width=\"680\" height=\"485\" srcset=\"https:\/\/diarioregionaldigital.com.br\/wp-content\/uploads\/2019\/03\/fotoa-4.jpg 1392w, https:\/\/diarioregionaldigital.com.br\/wp-content\/uploads\/2019\/03\/fotoa-4-300x214.jpg 300w, https:\/\/diarioregionaldigital.com.br\/wp-content\/uploads\/2019\/03\/fotoa-4-768x547.jpg 768w, https:\/\/diarioregionaldigital.com.br\/wp-content\/uploads\/2019\/03\/fotoa-4-1024x730.jpg 1024w, https:\/\/diarioregionaldigital.com.br\/wp-content\/uploads\/2019\/03\/fotoa-4-360x257.jpg 360w, https:\/\/diarioregionaldigital.com.br\/wp-content\/uploads\/2019\/03\/fotoa-4-100x70.jpg 100w\" sizes=\"auto, (max-width: 680px) 100vw, 680px\" \/><p id=\"caption-attachment-136339\" class=\"wp-caption-text\">Presen\u00e7as chiques no Marcellu\u2019s \u2013 Aero, Val\u00e9ria Salles, Sandra Fortuna, Arly Queiros Salles, V\u00e2nia Fotuna, Renato Passos e Gra\u00e7a Loures<\/p><\/div>\n<div id=\"attachment_136338\" style=\"width: 690px\" class=\"wp-caption aligncenter\"><img loading=\"lazy\" decoding=\"async\" aria-describedby=\"caption-attachment-136338\" class=\"wp-image-136338\" src=\"https:\/\/diarioregionaldigital.com.br\/wp-content\/uploads\/2019\/03\/Duo-Guilherme-e-Adalberto-21-03-Excalibur-e1553115023429.png\" alt=\"\" width=\"680\" height=\"507\" srcset=\"https:\/\/diarioregionaldigital.com.br\/wp-content\/uploads\/2019\/03\/Duo-Guilherme-e-Adalberto-21-03-Excalibur-e1553115023429.png 988w, https:\/\/diarioregionaldigital.com.br\/wp-content\/uploads\/2019\/03\/Duo-Guilherme-e-Adalberto-21-03-Excalibur-e1553115023429-300x224.png 300w, https:\/\/diarioregionaldigital.com.br\/wp-content\/uploads\/2019\/03\/Duo-Guilherme-e-Adalberto-21-03-Excalibur-e1553115023429-768x573.png 768w, https:\/\/diarioregionaldigital.com.br\/wp-content\/uploads\/2019\/03\/Duo-Guilherme-e-Adalberto-21-03-Excalibur-e1553115023429-360x269.png 360w\" sizes=\"auto, (max-width: 680px) 100vw, 680px\" \/><p id=\"caption-attachment-136338\" class=\"wp-caption-text\">Aplausos para o Duo Guilherme Veroneze &amp; Adalberto Silva<\/p><\/div>\n<div id=\"attachment_136341\" style=\"width: 690px\" class=\"wp-caption aligncenter\"><img loading=\"lazy\" decoding=\"async\" aria-describedby=\"caption-attachment-136341\" class=\"wp-image-136341\" src=\"https:\/\/diarioregionaldigital.com.br\/wp-content\/uploads\/2019\/03\/fotob-5-e1553115057457.jpg\" alt=\"\" width=\"680\" height=\"508\" srcset=\"https:\/\/diarioregionaldigital.com.br\/wp-content\/uploads\/2019\/03\/fotob-5-e1553115057457.jpg 1175w, https:\/\/diarioregionaldigital.com.br\/wp-content\/uploads\/2019\/03\/fotob-5-e1553115057457-300x224.jpg 300w, https:\/\/diarioregionaldigital.com.br\/wp-content\/uploads\/2019\/03\/fotob-5-e1553115057457-768x573.jpg 768w, https:\/\/diarioregionaldigital.com.br\/wp-content\/uploads\/2019\/03\/fotob-5-e1553115057457-1024x764.jpg 1024w, https:\/\/diarioregionaldigital.com.br\/wp-content\/uploads\/2019\/03\/fotob-5-e1553115057457-360x269.jpg 360w\" sizes=\"auto, (max-width: 680px) 100vw, 680px\" \/><p id=\"caption-attachment-136341\" class=\"wp-caption-text\">Em tarde descontra\u00edda no navio MSC, Everton Oliveira com Rose Oliveira e Gustavo<\/p><\/div>\n<div id=\"attachment_136342\" style=\"width: 690px\" class=\"wp-caption aligncenter\"><img loading=\"lazy\" decoding=\"async\" aria-describedby=\"caption-attachment-136342\" class=\"wp-image-136342\" src=\"https:\/\/diarioregionaldigital.com.br\/wp-content\/uploads\/2019\/03\/fotobb-2-e1553115079583.jpg\" alt=\"\" width=\"680\" height=\"501\" srcset=\"https:\/\/diarioregionaldigital.com.br\/wp-content\/uploads\/2019\/03\/fotobb-2-e1553115079583.jpg 720w, https:\/\/diarioregionaldigital.com.br\/wp-content\/uploads\/2019\/03\/fotobb-2-e1553115079583-300x221.jpg 300w, https:\/\/diarioregionaldigital.com.br\/wp-content\/uploads\/2019\/03\/fotobb-2-e1553115079583-360x265.jpg 360w\" sizes=\"auto, (max-width: 680px) 100vw, 680px\" \/><p id=\"caption-attachment-136342\" class=\"wp-caption-text\">A educadora Orne\u00eddes Lima, homenageada com a Medalha Rosa Cabinda na C\u00e2mara, posou com Imaculada Boaventura<\/p><\/div>\n<div id=\"attachment_136344\" style=\"width: 690px\" class=\"wp-caption aligncenter\"><img loading=\"lazy\" decoding=\"async\" aria-describedby=\"caption-attachment-136344\" class=\"wp-image-136344\" src=\"https:\/\/diarioregionaldigital.com.br\/wp-content\/uploads\/2019\/03\/fotod-7-e1553115116946.jpg\" alt=\"\" width=\"680\" height=\"548\" srcset=\"https:\/\/diarioregionaldigital.com.br\/wp-content\/uploads\/2019\/03\/fotod-7-e1553115116946.jpg 1176w, https:\/\/diarioregionaldigital.com.br\/wp-content\/uploads\/2019\/03\/fotod-7-e1553115116946-300x242.jpg 300w, https:\/\/diarioregionaldigital.com.br\/wp-content\/uploads\/2019\/03\/fotod-7-e1553115116946-768x619.jpg 768w, https:\/\/diarioregionaldigital.com.br\/wp-content\/uploads\/2019\/03\/fotod-7-e1553115116946-1024x825.jpg 1024w, https:\/\/diarioregionaldigital.com.br\/wp-content\/uploads\/2019\/03\/fotod-7-e1553115116946-360x290.jpg 360w\" sizes=\"auto, (max-width: 680px) 100vw, 680px\" \/><p id=\"caption-attachment-136344\" class=\"wp-caption-text\">No Rio De Janeiro curtindo balada vip, o charmoso Ava Gambel<\/p><\/div>\n<div id=\"attachment_136347\" style=\"width: 690px\" class=\"wp-caption aligncenter\"><img loading=\"lazy\" decoding=\"async\" aria-describedby=\"caption-attachment-136347\" class=\"wp-image-136347\" src=\"https:\/\/diarioregionaldigital.com.br\/wp-content\/uploads\/2019\/03\/fotog-6-e1553115159387.jpg\" alt=\"\" width=\"680\" height=\"654\" srcset=\"https:\/\/diarioregionaldigital.com.br\/wp-content\/uploads\/2019\/03\/fotog-6-e1553115159387.jpg 1168w, https:\/\/diarioregionaldigital.com.br\/wp-content\/uploads\/2019\/03\/fotog-6-e1553115159387-300x289.jpg 300w, https:\/\/diarioregionaldigital.com.br\/wp-content\/uploads\/2019\/03\/fotog-6-e1553115159387-768x739.jpg 768w, https:\/\/diarioregionaldigital.com.br\/wp-content\/uploads\/2019\/03\/fotog-6-e1553115159387-1024x985.jpg 1024w, https:\/\/diarioregionaldigital.com.br\/wp-content\/uploads\/2019\/03\/fotog-6-e1553115159387-360x346.jpg 360w\" sizes=\"auto, (max-width: 680px) 100vw, 680px\" \/><p id=\"caption-attachment-136347\" class=\"wp-caption-text\">A linda Mel Mattos, candidata forte para Misss Juiz de Fora 2019<\/p><\/div>\n<div id=\"attachment_136348\" style=\"width: 690px\" class=\"wp-caption aligncenter\"><img loading=\"lazy\" decoding=\"async\" aria-describedby=\"caption-attachment-136348\" class=\"wp-image-136348\" src=\"https:\/\/diarioregionaldigital.com.br\/wp-content\/uploads\/2019\/03\/fotoh-5-e1553115185265.jpg\" alt=\"\" width=\"680\" height=\"549\" srcset=\"https:\/\/diarioregionaldigital.com.br\/wp-content\/uploads\/2019\/03\/fotoh-5-e1553115185265.jpg 1176w, https:\/\/diarioregionaldigital.com.br\/wp-content\/uploads\/2019\/03\/fotoh-5-e1553115185265-300x242.jpg 300w, https:\/\/diarioregionaldigital.com.br\/wp-content\/uploads\/2019\/03\/fotoh-5-e1553115185265-768x620.jpg 768w, https:\/\/diarioregionaldigital.com.br\/wp-content\/uploads\/2019\/03\/fotoh-5-e1553115185265-1024x826.jpg 1024w, https:\/\/diarioregionaldigital.com.br\/wp-content\/uploads\/2019\/03\/fotoh-5-e1553115185265-360x291.jpg 360w\" sizes=\"auto, (max-width: 680px) 100vw, 680px\" \/><p id=\"caption-attachment-136348\" class=\"wp-caption-text\">A capotante Renata Hirschberg na Danke Clube<\/p><\/div>\n<div id=\"attachment_136350\" style=\"width: 690px\" class=\"wp-caption aligncenter\"><img loading=\"lazy\" decoding=\"async\" aria-describedby=\"caption-attachment-136350\" class=\"wp-image-136350\" src=\"https:\/\/diarioregionaldigital.com.br\/wp-content\/uploads\/2019\/03\/fotoj-4-e1553115212287.jpg\" alt=\"\" width=\"680\" height=\"625\" srcset=\"https:\/\/diarioregionaldigital.com.br\/wp-content\/uploads\/2019\/03\/fotoj-4-e1553115212287.jpg 1176w, https:\/\/diarioregionaldigital.com.br\/wp-content\/uploads\/2019\/03\/fotoj-4-e1553115212287-300x276.jpg 300w, https:\/\/diarioregionaldigital.com.br\/wp-content\/uploads\/2019\/03\/fotoj-4-e1553115212287-768x706.jpg 768w, https:\/\/diarioregionaldigital.com.br\/wp-content\/uploads\/2019\/03\/fotoj-4-e1553115212287-1024x941.jpg 1024w, https:\/\/diarioregionaldigital.com.br\/wp-content\/uploads\/2019\/03\/fotoj-4-e1553115212287-360x331.jpg 360w\" sizes=\"auto, (max-width: 680px) 100vw, 680px\" \/><p id=\"caption-attachment-136350\" class=\"wp-caption-text\">A capotante Renata Hirschberg na Danke Clube<\/p><\/div>\n<div id=\"attachment_136345\" style=\"width: 690px\" class=\"wp-caption aligncenter\"><img loading=\"lazy\" decoding=\"async\" aria-describedby=\"caption-attachment-136345\" class=\"wp-image-136345\" src=\"https:\/\/diarioregionaldigital.com.br\/wp-content\/uploads\/2019\/03\/fotoe-7.jpg\" alt=\"\" width=\"680\" height=\"459\" srcset=\"https:\/\/diarioregionaldigital.com.br\/wp-content\/uploads\/2019\/03\/fotoe-7.jpg 1752w, https:\/\/diarioregionaldigital.com.br\/wp-content\/uploads\/2019\/03\/fotoe-7-300x202.jpg 300w, https:\/\/diarioregionaldigital.com.br\/wp-content\/uploads\/2019\/03\/fotoe-7-768x518.jpg 768w, https:\/\/diarioregionaldigital.com.br\/wp-content\/uploads\/2019\/03\/fotoe-7-1024x691.jpg 1024w, https:\/\/diarioregionaldigital.com.br\/wp-content\/uploads\/2019\/03\/fotoe-7-360x243.jpg 360w\" sizes=\"auto, (max-width: 680px) 100vw, 680px\" \/><p id=\"caption-attachment-136345\" class=\"wp-caption-text\">As homenageadas pelo PV Mulheres, Eloisa Almas, Clarisse Pereira e V\u00e2nia Piccinini Silva ladeadas do Dr. Francisco Campos Silva, prefeito Ant\u00f4nio Almas e vereador Jos\u00e9 M\u00e1rcio (Garotinho)<\/p><\/div>\n<p style=\"text-align: center;\"><strong>FOTOSS\u00cdNTESE<\/strong><\/p>\n<p>Agendado para 5\u00aa feira, 21, no Audit\u00f3rio da 4\u00aa Regi\u00e3o Integrada de Seguran\u00e7a P\u00fablica (4\u00ba Risp) no Nova Era, a solenidade de comemora\u00e7\u00e3o do 5\u00ba anivers\u00e1rio do 3\u00ba COB (Corpo de Bombeiro Militar de Minas Gerais).<\/p>\n<p>A elegante Luciana Silva vai lan\u00e7ar a cole\u00e7\u00e3o outono-inverno da loja Veneno no dia 29 de mar\u00e7o, \u00e0s 13h27, na Rua Dr. Jos\u00e9 Cez\u00e1rio, n\u00ba 45\/2201, Passos. No s\u00e1bado j\u00e1 estar\u00e1 nas araras da loja no Mister Shopping, 2\u00ba piso.<\/p>\n<p>O Trio RCX embalou o almo\u00e7o de comemora\u00e7\u00e3o dos 50 anos de Rodrig\u00e3o Zacarias em Matias Barbosa.<\/p>\n<p>Lend\u00e1rios pr\u00e9dios de Juiz de Fora foram tombados pelo patrim\u00f4nio cultural incluindo a Hilton Hotel, o pr\u00e9dio de n\u00ba 109 a 111 na Marechal Deodoro e a antiga sede da TV Industrial.<br \/>\nCom bonitos desenhos de Sarita Paiva e Victor Ferraz foi aberto no CCBM, a \u201cExpo Cosplay Arr\u00ea\u201d.<\/p>\n<p>Muita gente criticou o rebaixamento do Tupi, mas ningu\u00e9m ajuda a investir no clube carij\u00f3, uma das paix\u00f5es do futebol em Juiz de Fora.<\/p>\n<p>Expectativa no circuito para a inaugura\u00e7\u00e3o do Jardim Bot\u00e2nico dia 12 de abril, na antiga Mata do Krambeck.<\/p>\n<p>Agendado para o pr\u00f3ximo dia 29 a entrega do Trof\u00e9u \u201cMulher Cidad\u00e3 2019\u201d. V\u00e1rias mulheres de atitude receber\u00e3o a homenagem, no total de 15 personalidades femininas da cidade. Dentre elas, Silvana Marques, Margarida Salom\u00e3o, Susana Neves, M\u00e1rcia Falabella, Maria Val\u00e9ria de Andrade, Alessandra Sampaio, Mariana Veiga Silva e Nair Silva, dentre outras.<\/p>\n<p>Ser\u00e1 no Expominas\/JF o novo local para a apresenta\u00e7\u00e3o do talentoso Lucas Neto.<\/p>\n<p>Fazendo sucesso o bolinho de bacalhau do Restaurante Patanisca, na Av. Oleg\u00e1rio Marciel, 1318, no Bairro Paineiras.<\/p>\n<p>A bela Luisa Rocha \u00e9 forte candidata a Miss Juiz de Fora, que ter\u00e1 desfile final no dia 28 de mar\u00e7o.<\/p>\n<p>Para refletir: Arames farpados j\u00e1 n\u00e3o assusta mais passarinhos que sabem voar! Bom dia.<\/p>\n<p><img loading=\"lazy\" decoding=\"async\" class=\"aligncenter size-full wp-image-135792\" src=\"https:\/\/diarioregionaldigital.com.br\/wp-content\/uploads\/2019\/03\/Fashion_6x15-nova.jpg\" alt=\"\" width=\"3484\" height=\"1772\" srcset=\"https:\/\/diarioregionaldigital.com.br\/wp-content\/uploads\/2019\/03\/Fashion_6x15-nova.jpg 3484w, https:\/\/diarioregionaldigital.com.br\/wp-content\/uploads\/2019\/03\/Fashion_6x15-nova-300x153.jpg 300w, https:\/\/diarioregionaldigital.com.br\/wp-content\/uploads\/2019\/03\/Fashion_6x15-nova-768x391.jpg 768w, https:\/\/diarioregionaldigital.com.br\/wp-content\/uploads\/2019\/03\/Fashion_6x15-nova-1024x521.jpg 1024w, https:\/\/diarioregionaldigital.com.br\/wp-content\/uploads\/2019\/03\/Fashion_6x15-nova-360x183.jpg 360w\" sizes=\"auto, (max-width: 3484px) 100vw, 3484px\" \/><\/p>\n","protected":false},"excerpt":{"rendered":"<p>Em Cena Com sua famosa cortina vermelha, o Cine-Theatro Central vai comemorar 90 anos no dia 30 de mar\u00e7o. A festa para convidados colocar\u00e1 no palco, show de Alceu Valen\u00e7a \u201cValencianas\u201d e a Orquestra Ouro Preto, regida pelo maestro Rodrigo Toffolo. A bel\u00edssima hist\u00f3ria musical do cantor pernambucano ter\u00e1, pela primeira vez, parte de sua [&hellip;]<\/p>\n","protected":false},"author":96,"featured_media":136339,"comment_status":"closed","ping_status":"closed","sticky":false,"template":"","format":"standard","meta":{"footnotes":""},"categories":[264],"tags":[],"class_list":["post-136352","post","type-post","status-publish","format-standard","has-post-thumbnail","hentry","category-eduardo-gomes"],"_links":{"self":[{"href":"https:\/\/diarioregionaldigital.com.br\/index.php?rest_route=\/wp\/v2\/posts\/136352","targetHints":{"allow":["GET"]}}],"collection":[{"href":"https:\/\/diarioregionaldigital.com.br\/index.php?rest_route=\/wp\/v2\/posts"}],"about":[{"href":"https:\/\/diarioregionaldigital.com.br\/index.php?rest_route=\/wp\/v2\/types\/post"}],"author":[{"embeddable":true,"href":"https:\/\/diarioregionaldigital.com.br\/index.php?rest_route=\/wp\/v2\/users\/96"}],"replies":[{"embeddable":true,"href":"https:\/\/diarioregionaldigital.com.br\/index.php?rest_route=%2Fwp%2Fv2%2Fcomments&post=136352"}],"version-history":[{"count":0,"href":"https:\/\/diarioregionaldigital.com.br\/index.php?rest_route=\/wp\/v2\/posts\/136352\/revisions"}],"wp:featuredmedia":[{"embeddable":true,"href":"https:\/\/diarioregionaldigital.com.br\/index.php?rest_route=\/wp\/v2\/media\/136339"}],"wp:attachment":[{"href":"https:\/\/diarioregionaldigital.com.br\/index.php?rest_route=%2Fwp%2Fv2%2Fmedia&parent=136352"}],"wp:term":[{"taxonomy":"category","embeddable":true,"href":"https:\/\/diarioregionaldigital.com.br\/index.php?rest_route=%2Fwp%2Fv2%2Fcategories&post=136352"},{"taxonomy":"post_tag","embeddable":true,"href":"https:\/\/diarioregionaldigital.com.br\/index.php?rest_route=%2Fwp%2Fv2%2Ftags&post=136352"}],"curies":[{"name":"wp","href":"https:\/\/api.w.org\/{rel}","templated":true}]}}