{"id":136325,"date":"2019-03-20T15:12:18","date_gmt":"2019-03-20T18:12:18","guid":{"rendered":"https:\/\/diarioregionaldigital.com.br\/?p=136325"},"modified":"2019-03-20T15:12:18","modified_gmt":"2019-03-20T18:12:18","slug":"museu-leva-reproducoes-fotograficas-ao-bem-comum-bairros","status":"publish","type":"post","link":"https:\/\/diarioregionaldigital.com.br\/?p=136325","title":{"rendered":"Museu leva reprodu\u00e7\u00f5es fotogr\u00e1ficas ao Bem Comum Bairros"},"content":{"rendered":"<p>Nesta quarta-feira, 20, a Funda\u00e7\u00e3o \u201cMuseu Mariano Proc\u00f3pio\u201d participar\u00e1 do \u201cBem Comum Bairros\u201d, atividade promovida pela Secretaria de Comunica\u00e7\u00e3o Social (SCS) da Prefeitura de Juiz de Fora (PJF). Ser\u00e1 realizada a mostra \u201cImagens da cidade\u201d, com reprodu\u00e7\u00f5es de fotografias do acervo do Museu, de pr\u00e9dios e espa\u00e7os p\u00fablicos de Juiz de Fora, algumas datadas da d\u00e9cada de 20.<\/p>\n<p>A inten\u00e7\u00e3o \u00e9 mostrar ao p\u00fablico as transforma\u00e7\u00f5es ocorridas na cidade com o passar do tempo, resgatando a mem\u00f3ria do cidad\u00e3o e ressaltando a import\u00e2ncia da preserva\u00e7\u00e3o de v\u00e1rios espa\u00e7os para as futuras gera\u00e7\u00f5es.<\/p>\n<p>Fonte: PJF<\/p>\n","protected":false},"excerpt":{"rendered":"<p>Nesta quarta-feira, 20, a Funda\u00e7\u00e3o \u201cMuseu Mariano Proc\u00f3pio\u201d participar\u00e1 do \u201cBem Comum Bairros\u201d, atividade promovida pela Secretaria de Comunica\u00e7\u00e3o Social (SCS) da Prefeitura de Juiz de Fora (PJF). Ser\u00e1 realizada a mostra \u201cImagens da cidade\u201d, com reprodu\u00e7\u00f5es de fotografias do acervo do Museu, de pr\u00e9dios e espa\u00e7os p\u00fablicos de Juiz de Fora, algumas datadas da [&hellip;]<\/p>\n","protected":false},"author":96,"featured_media":136327,"comment_status":"closed","ping_status":"closed","sticky":false,"template":"","format":"standard","meta":{"footnotes":""},"categories":[253,256,436,262,439],"tags":[],"class_list":["post-136325","post","type-post","status-publish","format-standard","has-post-thumbnail","hentry","category-cidade","category-cultura","category-destaque-da-semana","category-noticias","category-ultima-hora"],"_links":{"self":[{"href":"https:\/\/diarioregionaldigital.com.br\/index.php?rest_route=\/wp\/v2\/posts\/136325","targetHints":{"allow":["GET"]}}],"collection":[{"href":"https:\/\/diarioregionaldigital.com.br\/index.php?rest_route=\/wp\/v2\/posts"}],"about":[{"href":"https:\/\/diarioregionaldigital.com.br\/index.php?rest_route=\/wp\/v2\/types\/post"}],"author":[{"embeddable":true,"href":"https:\/\/diarioregionaldigital.com.br\/index.php?rest_route=\/wp\/v2\/users\/96"}],"replies":[{"embeddable":true,"href":"https:\/\/diarioregionaldigital.com.br\/index.php?rest_route=%2Fwp%2Fv2%2Fcomments&post=136325"}],"version-history":[{"count":0,"href":"https:\/\/diarioregionaldigital.com.br\/index.php?rest_route=\/wp\/v2\/posts\/136325\/revisions"}],"wp:featuredmedia":[{"embeddable":true,"href":"https:\/\/diarioregionaldigital.com.br\/index.php?rest_route=\/wp\/v2\/media\/136327"}],"wp:attachment":[{"href":"https:\/\/diarioregionaldigital.com.br\/index.php?rest_route=%2Fwp%2Fv2%2Fmedia&parent=136325"}],"wp:term":[{"taxonomy":"category","embeddable":true,"href":"https:\/\/diarioregionaldigital.com.br\/index.php?rest_route=%2Fwp%2Fv2%2Fcategories&post=136325"},{"taxonomy":"post_tag","embeddable":true,"href":"https:\/\/diarioregionaldigital.com.br\/index.php?rest_route=%2Fwp%2Fv2%2Ftags&post=136325"}],"curies":[{"name":"wp","href":"https:\/\/api.w.org\/{rel}","templated":true}]}}