{"id":136323,"date":"2019-03-20T14:59:55","date_gmt":"2019-03-20T17:59:55","guid":{"rendered":"https:\/\/diarioregionaldigital.com.br\/?p=136323"},"modified":"2019-03-20T15:12:59","modified_gmt":"2019-03-20T18:12:59","slug":"policia-civil-incinera-cerca-de-uma-tonelada-de-drogas-em-uba","status":"publish","type":"post","link":"https:\/\/diarioregionaldigital.com.br\/?p=136323","title":{"rendered":"Pol\u00edcia Civil incinera cerca de uma tonelada de drogas em Ub\u00e1"},"content":{"rendered":"<p>A Pol\u00edcia Civil incinerou nesta quarta-feira, 20, aproximadamente uma tonelada de drogas il\u00edcitas em Ub\u00e1. Entre as drogas havia maconha, coca\u00edna e crack, que estavam acauteladas na sede da 2\u00aa Delegacia Regional.<\/p>\n<p>A a\u00e7\u00e3o foi realizada em uma empresa respons\u00e1vel pela gest\u00e3o de res\u00edduos industriais e hospitalares.<\/p>\n<div id=\"attachment_136330\" style=\"width: 391px\" class=\"wp-caption aligncenter\"><img loading=\"lazy\" decoding=\"async\" aria-describedby=\"caption-attachment-136330\" class=\" wp-image-136330\" src=\"https:\/\/diarioregionaldigital.com.br\/wp-content\/uploads\/2019\/03\/54433448_418922698679937_8213634051722969088_n-225x300.jpg\" alt=\"\" width=\"381\" height=\"508\" srcset=\"https:\/\/diarioregionaldigital.com.br\/wp-content\/uploads\/2019\/03\/54433448_418922698679937_8213634051722969088_n-225x300.jpg 225w, https:\/\/diarioregionaldigital.com.br\/wp-content\/uploads\/2019\/03\/54433448_418922698679937_8213634051722969088_n.jpg 768w, https:\/\/diarioregionaldigital.com.br\/wp-content\/uploads\/2019\/03\/54433448_418922698679937_8213634051722969088_n-360x480.jpg 360w\" sizes=\"auto, (max-width: 381px) 100vw, 381px\" \/><p id=\"caption-attachment-136330\" class=\"wp-caption-text\">Foto: Divulga\u00e7\u00e3o PCMG<\/p><\/div>\n","protected":false},"excerpt":{"rendered":"<p>A Pol\u00edcia Civil incinerou nesta quarta-feira, 20, aproximadamente uma tonelada de drogas il\u00edcitas em Ub\u00e1. Entre as drogas havia maconha, coca\u00edna e crack, que estavam acauteladas na sede da 2\u00aa Delegacia Regional. A a\u00e7\u00e3o foi realizada em uma empresa respons\u00e1vel pela gest\u00e3o de res\u00edduos industriais e hospitalares.<\/p>\n","protected":false},"author":96,"featured_media":136326,"comment_status":"closed","ping_status":"closed","sticky":false,"template":"","format":"standard","meta":{"footnotes":""},"categories":[301,436,440,439],"tags":[],"class_list":["post-136323","post","type-post","status-publish","format-standard","has-post-thumbnail","hentry","category-artigos-policiais","category-destaque-da-semana","category-destaques-do-dia","category-ultima-hora"],"_links":{"self":[{"href":"https:\/\/diarioregionaldigital.com.br\/index.php?rest_route=\/wp\/v2\/posts\/136323","targetHints":{"allow":["GET"]}}],"collection":[{"href":"https:\/\/diarioregionaldigital.com.br\/index.php?rest_route=\/wp\/v2\/posts"}],"about":[{"href":"https:\/\/diarioregionaldigital.com.br\/index.php?rest_route=\/wp\/v2\/types\/post"}],"author":[{"embeddable":true,"href":"https:\/\/diarioregionaldigital.com.br\/index.php?rest_route=\/wp\/v2\/users\/96"}],"replies":[{"embeddable":true,"href":"https:\/\/diarioregionaldigital.com.br\/index.php?rest_route=%2Fwp%2Fv2%2Fcomments&post=136323"}],"version-history":[{"count":0,"href":"https:\/\/diarioregionaldigital.com.br\/index.php?rest_route=\/wp\/v2\/posts\/136323\/revisions"}],"wp:featuredmedia":[{"embeddable":true,"href":"https:\/\/diarioregionaldigital.com.br\/index.php?rest_route=\/wp\/v2\/media\/136326"}],"wp:attachment":[{"href":"https:\/\/diarioregionaldigital.com.br\/index.php?rest_route=%2Fwp%2Fv2%2Fmedia&parent=136323"}],"wp:term":[{"taxonomy":"category","embeddable":true,"href":"https:\/\/diarioregionaldigital.com.br\/index.php?rest_route=%2Fwp%2Fv2%2Fcategories&post=136323"},{"taxonomy":"post_tag","embeddable":true,"href":"https:\/\/diarioregionaldigital.com.br\/index.php?rest_route=%2Fwp%2Fv2%2Ftags&post=136323"}],"curies":[{"name":"wp","href":"https:\/\/api.w.org\/{rel}","templated":true}]}}