{"id":136318,"date":"2019-03-20T15:09:01","date_gmt":"2019-03-20T18:09:01","guid":{"rendered":"https:\/\/diarioregionaldigital.com.br\/?p=136318"},"modified":"2019-03-20T15:09:01","modified_gmt":"2019-03-20T18:09:01","slug":"teatro-paschoal-carlos-magno-cantora-apresenta-covers-de-divas-internacionais-em-show-gratuito","status":"publish","type":"post","link":"https:\/\/diarioregionaldigital.com.br\/?p=136318","title":{"rendered":"Teatro \u201cPaschoal Carlos Magno\u201d: cantora apresenta covers de divas internacionais em show gratuito"},"content":{"rendered":"<p>A noite de sexta-feira, 22, ser\u00e1 de m\u00fasica e performance no Teatro \u201cPaschoal Carlos Magno\u201d (Rua Gilberto de Alencar &#8211; Centro), com o show \u201cDivas\u201d, estrelado pela cantora Gabriela Pepino. A apresenta\u00e7\u00e3o come\u00e7a \u00e0s 21 horas, e o repert\u00f3rio ter\u00e1 can\u00e7\u00f5es de estrelas como Aretha Franklin, Diana Ross, Whitney Houston, Celine Dion, Adele, Beyonc\u00e9, Mariah Carey e Amy Winehouse.<\/p>\n<p>Gabriela, que tamb\u00e9m \u00e9 instrumentista, nasceu e cresceu em Belo Horizonte. Aos 12 anos, come\u00e7ou a estudar canto, chegando a ter aulas tamb\u00e9m nos Estados Unidos, na Berklee College of Music, aos 17. A artista formou-se em m\u00fasica pela Funda\u00e7\u00e3o de Educa\u00e7\u00e3o Art\u00edstica e Universidade Bituca. Come\u00e7ou a cantar profissionalmente aos 19 anos, apresentando-se em v\u00e1rios estados do Brasil e no exterior.<\/p>\n<p>A cantora ser\u00e1 acompanhada por sua banda, composta pelo baixista Felipe Fantoni, o baterista Helton Lima, o guitarrista Paulinho Sartori e pelo tecladista Marcos Nogueira. Os arranjos s\u00e3o produzidos com bastante influ\u00eancia do jazz, soul e blues.<\/p>\n<p>Este \u00e9 o terceiro show da turn\u00ea, que come\u00e7ou em Belo Horizonte, passou por Mariana e seguir\u00e1 para Ouro Preto, Barbacena, S\u00e3o Paulo e Bras\u00edlia. A entrada \u00e9 gratuita, e os ingressos devem ser retirados na bilheteria do teatro, no dia e hor\u00e1rio do show. A classifica\u00e7\u00e3o et\u00e1ria \u00e9 livre.<\/p>\n<p>&nbsp;<\/p>\n<p>Fonte: PJF<\/p>\n","protected":false},"excerpt":{"rendered":"<p>A noite de sexta-feira, 22, ser\u00e1 de m\u00fasica e performance no Teatro \u201cPaschoal Carlos Magno\u201d (Rua Gilberto de Alencar &#8211; Centro), com o show \u201cDivas\u201d, estrelado pela cantora Gabriela Pepino. A apresenta\u00e7\u00e3o come\u00e7a \u00e0s 21 horas, e o repert\u00f3rio ter\u00e1 can\u00e7\u00f5es de estrelas como Aretha Franklin, Diana Ross, Whitney Houston, Celine Dion, Adele, Beyonc\u00e9, Mariah [&hellip;]<\/p>\n","protected":false},"author":96,"featured_media":136321,"comment_status":"closed","ping_status":"closed","sticky":false,"template":"","format":"standard","meta":{"footnotes":""},"categories":[253,256,436,262,439],"tags":[],"class_list":["post-136318","post","type-post","status-publish","format-standard","has-post-thumbnail","hentry","category-cidade","category-cultura","category-destaque-da-semana","category-noticias","category-ultima-hora"],"_links":{"self":[{"href":"https:\/\/diarioregionaldigital.com.br\/index.php?rest_route=\/wp\/v2\/posts\/136318","targetHints":{"allow":["GET"]}}],"collection":[{"href":"https:\/\/diarioregionaldigital.com.br\/index.php?rest_route=\/wp\/v2\/posts"}],"about":[{"href":"https:\/\/diarioregionaldigital.com.br\/index.php?rest_route=\/wp\/v2\/types\/post"}],"author":[{"embeddable":true,"href":"https:\/\/diarioregionaldigital.com.br\/index.php?rest_route=\/wp\/v2\/users\/96"}],"replies":[{"embeddable":true,"href":"https:\/\/diarioregionaldigital.com.br\/index.php?rest_route=%2Fwp%2Fv2%2Fcomments&post=136318"}],"version-history":[{"count":0,"href":"https:\/\/diarioregionaldigital.com.br\/index.php?rest_route=\/wp\/v2\/posts\/136318\/revisions"}],"wp:featuredmedia":[{"embeddable":true,"href":"https:\/\/diarioregionaldigital.com.br\/index.php?rest_route=\/wp\/v2\/media\/136321"}],"wp:attachment":[{"href":"https:\/\/diarioregionaldigital.com.br\/index.php?rest_route=%2Fwp%2Fv2%2Fmedia&parent=136318"}],"wp:term":[{"taxonomy":"category","embeddable":true,"href":"https:\/\/diarioregionaldigital.com.br\/index.php?rest_route=%2Fwp%2Fv2%2Fcategories&post=136318"},{"taxonomy":"post_tag","embeddable":true,"href":"https:\/\/diarioregionaldigital.com.br\/index.php?rest_route=%2Fwp%2Fv2%2Ftags&post=136318"}],"curies":[{"name":"wp","href":"https:\/\/api.w.org\/{rel}","templated":true}]}}