{"id":136315,"date":"2019-03-20T15:04:27","date_gmt":"2019-03-20T18:04:27","guid":{"rendered":"https:\/\/diarioregionaldigital.com.br\/?p=136315"},"modified":"2019-03-20T15:04:27","modified_gmt":"2019-03-20T18:04:27","slug":"bolsonaro-avalia-versao-final-da-reforma-previdenciaria-dos-militares","status":"publish","type":"post","link":"https:\/\/diarioregionaldigital.com.br\/?p=136315","title":{"rendered":"Bolsonaro avalia vers\u00e3o final da reforma previdenci\u00e1ria dos militares"},"content":{"rendered":"<p>O presidente Jair Bolsonaro reuniu\u00a0nesta quarta-feira, 20, no Pal\u00e1cio da Alvorada, ministros de Estado\u00a0e os comandantes da For\u00e7as Armadas para avalia\u00e7\u00e3o da vers\u00e3o final da proposta de reforma da Previd\u00eancia dos militares. O texto ser\u00e1 entregue ao Congresso nesta tarde\u00a0e apresentado \u00e0 imprensa pela equipe econ\u00f4mica do governo.<\/p>\n<p>No Legislativo, a mat\u00e9ria dever\u00e1 tramitar de forma paralela \u00e0 proposta de emenda \u00e0 Constitui\u00e7\u00e3o (PEC) que altera as regras do regime geral da Previd\u00eancia, para a popula\u00e7\u00e3o civil. Essa t\u00eam sido a exig\u00eancia de parlamentares para garantir que todos os setores da sociedade estejam inclu\u00eddos na reforma.<\/p>\n<p>Nessa ter\u00e7a-feira, 19, o vice-presidente da Rep\u00fablica, Hamilton Mour\u00e3o, afirmou que o governo espera\u00a0economizar\u00a0em torno de R$ 13 bilh\u00f5es nos pr\u00f3ximos 10 anos com a reforma das aposentadorias e pens\u00f5es dos militares. A estimativa j\u00e1 inclui a reestrutura\u00e7\u00e3o das carreiras militares, que ser\u00e1 inclu\u00edda na proposta de reforma previdenci\u00e1ria da categoria. Sem essa reestrutura\u00e7\u00e3o, a economia prevista era de R$ 92,3 bilh\u00f5es nos pr\u00f3ximos 10 anos.<\/p>\n<p>As altera\u00e7\u00f5es previstas, mas ainda n\u00e3o oficializadas, abrangem medidas como aumento de gratifica\u00e7\u00f5es e do tempo m\u00ednimo de servi\u00e7o, de 30 para 35 anos. A al\u00edquota de contribui\u00e7\u00e3o dos militares para a Previd\u00eancia tamb\u00e9m deve aumentar para 14% ao longo dos pr\u00f3ximos dois anos, sendo 10,5% para a Previd\u00eancia e 3,5% para o plano de sa\u00fade, que j\u00e1 \u00e9 pago pelos militares.<\/p>\n<h2>Participantes<\/h2>\n<p>O primeiro a chegar \u00e0 reuni\u00e3o no Alvorada, por volta das 9h15, foi o ministro da Defesa, Fernando Azevedo, seguido pelos ministros-chefes da Secretaria de Governo, Alberto Santos Cruz; do Gabinete de Seguran\u00e7a Institucional, general Augusto Heleno; e da Casa Civil, Onyx Lorenzoni. O vice-presidente, Hamilton Mour\u00e3o, tamb\u00e9m participou da reuni\u00e3o, assim como o secret\u00e1rio especial de Previd\u00eancia e Trabalho, Rog\u00e9rio Marinho.<\/p>\n<p>Al\u00e9m deles, tamb\u00e9m estiveram no encontro com Bolsonaro os comandantes da Marinha, Ilques Barbosa J\u00fanior; do Ex\u00e9rcito, Edson Leal Pujol; e da Aeron\u00e1utica, Antonio Carlos Moretti Bermudez; e o chefe do Estado Maior Conjunto das For\u00e7as Armadas, Raul Botelho.<\/p>\n<p>O encontro durou pouco mais de tr\u00eas horas e aconteceu poucas horas ap\u00f3s Bolsonaro desembarcar em Bras\u00edlia, ap\u00f3s visita oficial de tr\u00eas dias aos Estados Unidos. Nesta quinta-feira, 21, ele j\u00e1 viaja para o\u00a0Chile\u00a0para participar da c\u00fapula de l\u00edderes da Am\u00e9rica do Sul. Na pr\u00f3xima semana, ainda est\u00e1 prevista a visita oficial do presidente \u00e0 Israel.<\/p>\n<p>&nbsp;<\/p>\n<p>Fonte: Ag\u00eancia Brasil<\/p>\n<p>&nbsp;<\/p>\n<p>&nbsp;<\/p>\n","protected":false},"excerpt":{"rendered":"<p>O presidente Jair Bolsonaro reuniu\u00a0nesta quarta-feira, 20, no Pal\u00e1cio da Alvorada, ministros de Estado\u00a0e os comandantes da For\u00e7as Armadas para avalia\u00e7\u00e3o da vers\u00e3o final da proposta de reforma da Previd\u00eancia dos militares. O texto ser\u00e1 entregue ao Congresso nesta tarde\u00a0e apresentado \u00e0 imprensa pela equipe econ\u00f4mica do governo. No Legislativo, a mat\u00e9ria dever\u00e1 tramitar de [&hellip;]<\/p>\n","protected":false},"author":96,"featured_media":136316,"comment_status":"closed","ping_status":"closed","sticky":false,"template":"","format":"standard","meta":{"footnotes":""},"categories":[302,436,262,439],"tags":[],"class_list":["post-136315","post","type-post","status-publish","format-standard","has-post-thumbnail","hentry","category-brasil-mundo","category-destaque-da-semana","category-noticias","category-ultima-hora"],"_links":{"self":[{"href":"https:\/\/diarioregionaldigital.com.br\/index.php?rest_route=\/wp\/v2\/posts\/136315","targetHints":{"allow":["GET"]}}],"collection":[{"href":"https:\/\/diarioregionaldigital.com.br\/index.php?rest_route=\/wp\/v2\/posts"}],"about":[{"href":"https:\/\/diarioregionaldigital.com.br\/index.php?rest_route=\/wp\/v2\/types\/post"}],"author":[{"embeddable":true,"href":"https:\/\/diarioregionaldigital.com.br\/index.php?rest_route=\/wp\/v2\/users\/96"}],"replies":[{"embeddable":true,"href":"https:\/\/diarioregionaldigital.com.br\/index.php?rest_route=%2Fwp%2Fv2%2Fcomments&post=136315"}],"version-history":[{"count":0,"href":"https:\/\/diarioregionaldigital.com.br\/index.php?rest_route=\/wp\/v2\/posts\/136315\/revisions"}],"wp:featuredmedia":[{"embeddable":true,"href":"https:\/\/diarioregionaldigital.com.br\/index.php?rest_route=\/wp\/v2\/media\/136316"}],"wp:attachment":[{"href":"https:\/\/diarioregionaldigital.com.br\/index.php?rest_route=%2Fwp%2Fv2%2Fmedia&parent=136315"}],"wp:term":[{"taxonomy":"category","embeddable":true,"href":"https:\/\/diarioregionaldigital.com.br\/index.php?rest_route=%2Fwp%2Fv2%2Fcategories&post=136315"},{"taxonomy":"post_tag","embeddable":true,"href":"https:\/\/diarioregionaldigital.com.br\/index.php?rest_route=%2Fwp%2Fv2%2Ftags&post=136315"}],"curies":[{"name":"wp","href":"https:\/\/api.w.org\/{rel}","templated":true}]}}