{"id":136312,"date":"2019-03-20T15:00:00","date_gmt":"2019-03-20T18:00:00","guid":{"rendered":"https:\/\/diarioregionaldigital.com.br\/?p=136312"},"modified":"2019-03-20T15:00:00","modified_gmt":"2019-03-20T18:00:00","slug":"moro-pede-ao-congresso-que-se-debruce-em-pacote-anticrime","status":"publish","type":"post","link":"https:\/\/diarioregionaldigital.com.br\/?p=136312","title":{"rendered":"Moro pede ao Congresso que se debruce em pacote anticrime"},"content":{"rendered":"<p>Ao participar do lan\u00e7amento da Frente Parlamentar da Seguran\u00e7a P\u00fablica no Sal\u00e3o Negro da C\u00e2mara dos Deputados, o ministro da Justi\u00e7a e Seguran\u00e7a P\u00fablica, Sergio Moro, pediu nesta quarta-feira, 20, ao Congresso Nacional que se debruce no\u00a0projeto de lei anticrime.<\/p>\n<p>\u201c\u00c9 um projeto importante, \u00e9 uma quest\u00e3o urgente. Acho que os eventos que ocorreram este ano, especialmente [os ataques] no Cear\u00e1, acendem uma luz amarela de que a quest\u00e3o da seguran\u00e7a p\u00fablica \u00e9 algo que tem que ser tratado com a devida celeridade, porque as amea\u00e7as s\u00e3o cada vez maiores. E o projeto caminha nessa \u00e1rea endurecendo o tratamento para crimes mais graves, destravando nossa legisla\u00e7\u00e3o e criando mecanismos para melhor investiga\u00e7\u00e3o\u201d, afirmou Moro.<\/p>\n<p>Perguntado se ser\u00e1 poss\u00edvel o pacote anticrime tramitar junto com a proposta de emenda \u00e0 Constitui\u00e7\u00e3o (PEC) da reforma da Previd\u00eancia, o ministro disse que tem conversado com o presidente da C\u00e2mara, Rodrigo Maia (DEM-RJ), sobre o tema.<\/p>\n<p>\u201cNa minha avalia\u00e7\u00e3o, isso pode tramitar em conjunto, n\u00e3o haveria maiores problemas. Mas vamos conversar, estamos abertos ao di\u00e1logo. Evidentemente, as decis\u00f5es relativas ao Congresso pertencem ao Congresso\u201d, afirmou Moro. \u201cO desejo do governo era de que o projeto fosse encaminhado logo \u00e0s comiss\u00f5es, mas isso vai ser conversado respeitosamente com o deputado Rodrigo Maia\u201d.<\/p>\n<p>A Frente Parlamentar da Seguran\u00e7a P\u00fablica tem mais de 300 integrantes e ser\u00e1 coordenada pelo deputado Capit\u00e3o Augusto (PR-SP). O pacote anticrime do governo federal \u00e9 uma das pautas do grupo.<\/p>\n<h2>Viagem aos EUA<\/h2>\n<p>Moro tamb\u00e9m comentou a viagem aos Estados Unidos em que acompanhou o presidente Jair Bolsonaro. Segundo ele, a contrata\u00e7\u00e3o do uso da base de Alc\u00e2ntara pelos EUA vai trazer \u201crecursos importantes\u201d ao Brasil.<\/p>\n<p>No \u00e2mbito da seguran\u00e7a p\u00fablica, o ministro disse que foram\u00a0assinados acordos\u00a0entre o FBI e a Pol\u00edcia Federal brasileira para troca de informa\u00e7\u00f5es. Com o Departamento de Seguran\u00e7a Interna dos EUA, foi definida coopera\u00e7\u00e3o no \u00e2mbito de controle de fronteiras. \u201cNa \u00e1rea de seguran\u00e7a, os interesses s\u00e3o muito convergentes. H\u00e1 um compromisso de ambos os pa\u00edses de defender a democracia contra as diversas amea\u00e7as como terrorismo, crime organizado, tr\u00e1fico de drogas. Temos muito a aprender.\u201d<\/p>\n<p>&nbsp;<\/p>\n<p>Fonte: Ag\u00eancia Brasil<\/p>\n","protected":false},"excerpt":{"rendered":"<p>Ao participar do lan\u00e7amento da Frente Parlamentar da Seguran\u00e7a P\u00fablica no Sal\u00e3o Negro da C\u00e2mara dos Deputados, o ministro da Justi\u00e7a e Seguran\u00e7a P\u00fablica, Sergio Moro, pediu nesta quarta-feira, 20, ao Congresso Nacional que se debruce no\u00a0projeto de lei anticrime. \u201c\u00c9 um projeto importante, \u00e9 uma quest\u00e3o urgente. Acho que os eventos que ocorreram este [&hellip;]<\/p>\n","protected":false},"author":96,"featured_media":136313,"comment_status":"closed","ping_status":"closed","sticky":false,"template":"","format":"standard","meta":{"footnotes":""},"categories":[436,262,254,439],"tags":[],"class_list":["post-136312","post","type-post","status-publish","format-standard","has-post-thumbnail","hentry","category-destaque-da-semana","category-noticias","category-politica","category-ultima-hora"],"_links":{"self":[{"href":"https:\/\/diarioregionaldigital.com.br\/index.php?rest_route=\/wp\/v2\/posts\/136312","targetHints":{"allow":["GET"]}}],"collection":[{"href":"https:\/\/diarioregionaldigital.com.br\/index.php?rest_route=\/wp\/v2\/posts"}],"about":[{"href":"https:\/\/diarioregionaldigital.com.br\/index.php?rest_route=\/wp\/v2\/types\/post"}],"author":[{"embeddable":true,"href":"https:\/\/diarioregionaldigital.com.br\/index.php?rest_route=\/wp\/v2\/users\/96"}],"replies":[{"embeddable":true,"href":"https:\/\/diarioregionaldigital.com.br\/index.php?rest_route=%2Fwp%2Fv2%2Fcomments&post=136312"}],"version-history":[{"count":0,"href":"https:\/\/diarioregionaldigital.com.br\/index.php?rest_route=\/wp\/v2\/posts\/136312\/revisions"}],"wp:featuredmedia":[{"embeddable":true,"href":"https:\/\/diarioregionaldigital.com.br\/index.php?rest_route=\/wp\/v2\/media\/136313"}],"wp:attachment":[{"href":"https:\/\/diarioregionaldigital.com.br\/index.php?rest_route=%2Fwp%2Fv2%2Fmedia&parent=136312"}],"wp:term":[{"taxonomy":"category","embeddable":true,"href":"https:\/\/diarioregionaldigital.com.br\/index.php?rest_route=%2Fwp%2Fv2%2Fcategories&post=136312"},{"taxonomy":"post_tag","embeddable":true,"href":"https:\/\/diarioregionaldigital.com.br\/index.php?rest_route=%2Fwp%2Fv2%2Ftags&post=136312"}],"curies":[{"name":"wp","href":"https:\/\/api.w.org\/{rel}","templated":true}]}}