{"id":136308,"date":"2019-03-20T14:54:34","date_gmt":"2019-03-20T17:54:34","guid":{"rendered":"https:\/\/diarioregionaldigital.com.br\/?p=136308"},"modified":"2019-03-20T14:54:34","modified_gmt":"2019-03-20T17:54:34","slug":"bolsonaro-viaja-ao-chile-para-se-reunir-com-lideres-da-america-do-sul","status":"publish","type":"post","link":"https:\/\/diarioregionaldigital.com.br\/?p=136308","title":{"rendered":"Bolsonaro viaja ao Chile para se reunir com l\u00edderes da Am\u00e9rica do Sul"},"content":{"rendered":"<p>De volta ao Brasil ap\u00f3s visita aos Estados Unidos, o presidente Jair Bolsonaro se prepara para a segunda viagem internacional neste m\u00eas. Ele desembarca em Santiago, no Chile, nesta quinta-feira, 21, para participar, ao lado de chefes de Estado de pa\u00edses da Am\u00e9rica do Sul, da c\u00fapula que pretende marcar a retomada de negocia\u00e7\u00f5es em torno da integra\u00e7\u00e3o da regi\u00e3o.<\/p>\n<p>A reuni\u00e3o na capital chilena marcar\u00e1 o an\u00fancio oficial do Prosul, projeto idealizado para substituir a Uni\u00e3o de Na\u00e7\u00f5es Sul-Americanas (Unasul), paralisada h\u00e1 mais de dois anos.<\/p>\n<p>Integram o Prosul Argentina, Brasil, Chile, Col\u00f4mbia, Equador, Paraguai, Peru, Uruguai, Costa Rica, Nicar\u00e1gua, Panam\u00e1 e Rep\u00fablica Dominicana.<\/p>\n<p>A proposta idealizada pelo presidente chileno, Sebasti\u00e1n Pi\u00f1era, tem formato mais enxuto e \u00e9 menos onerosa a todos. Os presidentes devem anunciar o aval \u00e0 nova composi\u00e7\u00e3o ainda na sexta-feira, ap\u00f3s a reuni\u00e3o.<\/p>\n<h2>Estrutura<\/h2>\n<p>O Prosul n\u00e3o deve manter a atual estrutura da Unasul, ao buscar solu\u00e7\u00f5es mais leves para o aparato que hoje inclui uma sede f\u00edsica em Quito, no Equador, al\u00e9m de secretariados e quadro de funcion\u00e1rios.<\/p>\n<p>As na\u00e7\u00f5es que comp\u00f5em o Prosul entenderam que a Unasul, da forma como funcionou desde seu lan\u00e7amento em 2008, perdeu efeitos pr\u00e1ticos, mantendo custos, e passou a disputar decis\u00f5es sobre temas que j\u00e1 s\u00e3o tratados em outras inst\u00e2ncias, como o Mercosul.<\/p>\n<p>Sem avan\u00e7os na Unasul na pr\u00e1tica, acordos negociados atualmente por meio do Mercosul (bloco que re\u00fane Argentina, Brasil, Paraguai, Uruguai e Venezuela, que est\u00e1 suspensa temporariamente) garantiram, por exemplo, a implanta\u00e7\u00e3o de \u00e1rea de livre com\u00e9rcio entre pa\u00edses do Mercosul e os sul-americanos que integram a Alian\u00e7a do Pac\u00edfico, com exce\u00e7\u00e3o do M\u00e9xico que ainda mant\u00e9m restri\u00e7\u00f5es sobre algumas \u00e1reas.<\/p>\n<h2>Diferencia\u00e7\u00e3o<\/h2>\n<p>O Prosul n\u00e3o deve ter um tratado e n\u00e3o ser\u00e1 um organismo, como a Unasul. A ideia \u00e9 seguir os moldes de um agrupamento de pa\u00edses no formato de um f\u00f3rum. Para o Brasil, o projeto da integra\u00e7\u00e3o \u00e9 fundamental para ampliar as trocas comerciais e atrair investimentos.<\/p>\n<p>N\u00e3o h\u00e1 expectativa de que o novo formato j\u00e1 seja apresentado neste encontro. A declara\u00e7\u00e3o de alto n\u00edvel deve se limitar \u00e0 formaliza\u00e7\u00e3o da inten\u00e7\u00e3o dos pa\u00edses em torno dessa nova proposta e tende a marcar a oficializa\u00e7\u00e3o de sa\u00eddas da antiga estrutura. \u00c0 medida que os pa\u00edses anunciam que n\u00e3o participam mais da Unasul, pelas regras internacionais, precisam se manter por seis meses no organismo.<\/p>\n<p>&nbsp;<\/p>\n<p>Fonte: Ag\u00eancia Brasil<\/p>\n","protected":false},"excerpt":{"rendered":"<p>De volta ao Brasil ap\u00f3s visita aos Estados Unidos, o presidente Jair Bolsonaro se prepara para a segunda viagem internacional neste m\u00eas. Ele desembarca em Santiago, no Chile, nesta quinta-feira, 21, para participar, ao lado de chefes de Estado de pa\u00edses da Am\u00e9rica do Sul, da c\u00fapula que pretende marcar a retomada de negocia\u00e7\u00f5es em [&hellip;]<\/p>\n","protected":false},"author":96,"featured_media":136309,"comment_status":"closed","ping_status":"closed","sticky":false,"template":"","format":"standard","meta":{"footnotes":""},"categories":[436,262,254,439],"tags":[],"class_list":["post-136308","post","type-post","status-publish","format-standard","has-post-thumbnail","hentry","category-destaque-da-semana","category-noticias","category-politica","category-ultima-hora"],"_links":{"self":[{"href":"https:\/\/diarioregionaldigital.com.br\/index.php?rest_route=\/wp\/v2\/posts\/136308","targetHints":{"allow":["GET"]}}],"collection":[{"href":"https:\/\/diarioregionaldigital.com.br\/index.php?rest_route=\/wp\/v2\/posts"}],"about":[{"href":"https:\/\/diarioregionaldigital.com.br\/index.php?rest_route=\/wp\/v2\/types\/post"}],"author":[{"embeddable":true,"href":"https:\/\/diarioregionaldigital.com.br\/index.php?rest_route=\/wp\/v2\/users\/96"}],"replies":[{"embeddable":true,"href":"https:\/\/diarioregionaldigital.com.br\/index.php?rest_route=%2Fwp%2Fv2%2Fcomments&post=136308"}],"version-history":[{"count":0,"href":"https:\/\/diarioregionaldigital.com.br\/index.php?rest_route=\/wp\/v2\/posts\/136308\/revisions"}],"wp:featuredmedia":[{"embeddable":true,"href":"https:\/\/diarioregionaldigital.com.br\/index.php?rest_route=\/wp\/v2\/media\/136309"}],"wp:attachment":[{"href":"https:\/\/diarioregionaldigital.com.br\/index.php?rest_route=%2Fwp%2Fv2%2Fmedia&parent=136308"}],"wp:term":[{"taxonomy":"category","embeddable":true,"href":"https:\/\/diarioregionaldigital.com.br\/index.php?rest_route=%2Fwp%2Fv2%2Fcategories&post=136308"},{"taxonomy":"post_tag","embeddable":true,"href":"https:\/\/diarioregionaldigital.com.br\/index.php?rest_route=%2Fwp%2Fv2%2Ftags&post=136308"}],"curies":[{"name":"wp","href":"https:\/\/api.w.org\/{rel}","templated":true}]}}