{"id":136304,"date":"2019-03-20T14:50:34","date_gmt":"2019-03-20T17:50:34","guid":{"rendered":"https:\/\/diarioregionaldigital.com.br\/?p=136304"},"modified":"2019-03-20T14:50:34","modified_gmt":"2019-03-20T17:50:34","slug":"mpf-denuncia-sergio-cabral-pela-29a-vez-por-corrupcao","status":"publish","type":"post","link":"https:\/\/diarioregionaldigital.com.br\/?p=136304","title":{"rendered":"MPF denuncia S\u00e9rgio Cabral pela 29\u00aa vez por corrup\u00e7\u00e3o"},"content":{"rendered":"<p>O Minist\u00e9rio P\u00fablico Federal (MPF) ofereceu nova den\u00fancia \u00e0 Justi\u00e7a contra o ex-governador do Rio de Janeiro S\u00e9rgio Cabral. Essa foi a 29\u00aa vez que Cabral foi denunciado por causa de suspeita de envolvimento com um esquema de corrup\u00e7\u00e3o enquanto ele governava o estado.<\/p>\n<p>Al\u00e9m de S\u00e9rgio Cabral, que est\u00e1 preso desde novembro de 2016, foram denunciados o ex-secret\u00e1rio da Casa Civil de seu governo, R\u00e9gis Fichtner e seu operador, Fernando Fran\u00e7a, que tamb\u00e9m j\u00e1 est\u00e3o presos.<\/p>\n<p>Desta vez, Cabral foi denunciado por ter dado anu\u00eancia ao recebimento de R$ 4,9 milh\u00f5es por R\u00e9gis Fichtner e Fernando Fran\u00e7a, em 21 parcelas entre 2011 e 2014, e \u00e0 lavagem desses ativos.<\/p>\n<p>De acordo com a den\u00fancia, o dinheiro era entregue pelos irm\u00e3os Marcelo e Renato Chebar, por Claudio Fernando Barboza de Souza e por Vinicius Claret Vieira, atrav\u00e9s da transportadora Transexpert.<\/p>\n<p>Os tr\u00eas s\u00e3o denunciados por forma\u00e7\u00e3o de quadrilha, uma vez que eles teriam se associado de forma estruturalmente organizada para cometer o crime. A den\u00fancia refor\u00e7a a posi\u00e7\u00e3o de Cabral como l\u00edder da organiza\u00e7\u00e3o criminosa que \u00e9 acusada de v\u00e1rios crimes, j\u00e1 descritos nas den\u00fancias anteriores.<\/p>\n<p>&nbsp;<\/p>\n<p>Fonte: Ag\u00eancia Brasil<\/p>\n","protected":false},"excerpt":{"rendered":"<p>O Minist\u00e9rio P\u00fablico Federal (MPF) ofereceu nova den\u00fancia \u00e0 Justi\u00e7a contra o ex-governador do Rio de Janeiro S\u00e9rgio Cabral. Essa foi a 29\u00aa vez que Cabral foi denunciado por causa de suspeita de envolvimento com um esquema de corrup\u00e7\u00e3o enquanto ele governava o estado. Al\u00e9m de S\u00e9rgio Cabral, que est\u00e1 preso desde novembro de 2016, [&hellip;]<\/p>\n","protected":false},"author":96,"featured_media":136306,"comment_status":"closed","ping_status":"closed","sticky":false,"template":"","format":"standard","meta":{"footnotes":""},"categories":[302,436,262,439],"tags":[],"class_list":["post-136304","post","type-post","status-publish","format-standard","has-post-thumbnail","hentry","category-brasil-mundo","category-destaque-da-semana","category-noticias","category-ultima-hora"],"_links":{"self":[{"href":"https:\/\/diarioregionaldigital.com.br\/index.php?rest_route=\/wp\/v2\/posts\/136304","targetHints":{"allow":["GET"]}}],"collection":[{"href":"https:\/\/diarioregionaldigital.com.br\/index.php?rest_route=\/wp\/v2\/posts"}],"about":[{"href":"https:\/\/diarioregionaldigital.com.br\/index.php?rest_route=\/wp\/v2\/types\/post"}],"author":[{"embeddable":true,"href":"https:\/\/diarioregionaldigital.com.br\/index.php?rest_route=\/wp\/v2\/users\/96"}],"replies":[{"embeddable":true,"href":"https:\/\/diarioregionaldigital.com.br\/index.php?rest_route=%2Fwp%2Fv2%2Fcomments&post=136304"}],"version-history":[{"count":0,"href":"https:\/\/diarioregionaldigital.com.br\/index.php?rest_route=\/wp\/v2\/posts\/136304\/revisions"}],"wp:featuredmedia":[{"embeddable":true,"href":"https:\/\/diarioregionaldigital.com.br\/index.php?rest_route=\/wp\/v2\/media\/136306"}],"wp:attachment":[{"href":"https:\/\/diarioregionaldigital.com.br\/index.php?rest_route=%2Fwp%2Fv2%2Fmedia&parent=136304"}],"wp:term":[{"taxonomy":"category","embeddable":true,"href":"https:\/\/diarioregionaldigital.com.br\/index.php?rest_route=%2Fwp%2Fv2%2Fcategories&post=136304"},{"taxonomy":"post_tag","embeddable":true,"href":"https:\/\/diarioregionaldigital.com.br\/index.php?rest_route=%2Fwp%2Fv2%2Ftags&post=136304"}],"curies":[{"name":"wp","href":"https:\/\/api.w.org\/{rel}","templated":true}]}}