{"id":136296,"date":"2019-03-20T14:35:44","date_gmt":"2019-03-20T17:35:44","guid":{"rendered":"https:\/\/diarioregionaldigital.com.br\/?p=136296"},"modified":"2019-03-20T14:35:44","modified_gmt":"2019-03-20T17:35:44","slug":"aneel-diz-que-amortizacao-de-divida-reduzira-tarifa-de-energia","status":"publish","type":"post","link":"https:\/\/diarioregionaldigital.com.br\/?p=136296","title":{"rendered":"Aneel diz que amortiza\u00e7\u00e3o de d\u00edvida reduzir\u00e1 tarifa de energia"},"content":{"rendered":"<p>A amortiza\u00e7\u00e3o de empr\u00e9stimos contra\u00eddos em 2014 pela C\u00e2mara de Comercializa\u00e7\u00e3o de Energia El\u00e9trica (CCEE) junto a oito bancos possibilitar\u00e1 um impacto de redu\u00e7\u00e3o m\u00e9dia de 3,7% nas tarifas de energia que ser\u00e3o pagas em 2019 pelo consumidor brasileiro; e de 1,2% em 2020. Esses empr\u00e9stimos foram feitos visando compensar as concession\u00e1rias de energia pelos preju\u00edzos causados pela crise h\u00eddrica no setor.<\/p>\n<p>A redu\u00e7\u00e3o, anunciada nesta quarta-feira, 20, em Bras\u00edlia, pela Ag\u00eancia Nacional de Energia El\u00e9trica (Aneel), foi poss\u00edvel a partir de negocia\u00e7\u00f5es feitas desde novembro do ano passado, entre C\u00e2mara de Comercializa\u00e7\u00e3o de Energia El\u00e9trica, Minist\u00e9rio de Minas e Energia, Aneel e um pool de oito bancos.<\/p>\n<p>Os recursos a serem usados fazem parte de um fundo\u00a0 criado para compensar eventuais atrasos ou calotes que poderiam ser praticados pelas concession\u00e1rios.<\/p>\n<h2>Reuni\u00e3o ser\u00e1 hoje em Bras\u00edlia<\/h2>\n<p>A opera\u00e7\u00e3o de amortiza\u00e7\u00e3o ser\u00e1 materializada na reuni\u00e3o de diretores da Aneel, prevista para a tarde de hoje, em Bras\u00edlia.<\/p>\n<p>\u201cEsse empr\u00e9stimo, feito em 2014, seria amortizado at\u00e9 abril de 2020. Diante de condi\u00e7\u00f5es administrativas identificadas, conseguimos antecipar a quita\u00e7\u00e3o desse empr\u00e9stimo a partir de setembro de 2019. Essa quita\u00e7\u00e3o antecipada nos leva a uma atenua\u00e7\u00e3o da tarifa em 3,7% em 2019, e de 1,2% em 2020\u201d, explicou o diretor-geral da Aneel, Andre Pepitone.<\/p>\n<p>Com a quita\u00e7\u00e3o antecipada da chamada Conta ACR \u2013 mecanismo de repasse de recursos \u00e0s distribuidoras para a cobertura dos custos com exposi\u00e7\u00e3o involunt\u00e1ria no mercado de curto prazo e o despacho de termel\u00e9tricas entre fevereiro e dezembro de 2014 \u2013 ser\u00e1 poss\u00edvel retirar R$ 8,4 bilh\u00f5es das contas de luz at\u00e9 2020.<\/p>\n<p>Segundo Pepitone, R$6,4 bilh\u00f5es ser\u00e3o retirados da tarifa de energia paga pelos consumidores em 2019; e outros R$ 2 bilh\u00f5es sair\u00e3o da tarifa em 2020 \u2013 valores que ser\u00e3o considerados para a defini\u00e7\u00e3o do pre\u00e7o final das tarifas.<\/p>\n<p>\u201cA materializa\u00e7\u00e3o dessa decis\u00e3o ir\u00e1 repercutir no processo tarif\u00e1rio de cada distribuidora de energia em seu anivers\u00e1rio contratual, ou seja, na data de reajuste de cada distribuidora de energia\u201d, finalizou.<\/p>\n","protected":false},"excerpt":{"rendered":"<p>A amortiza\u00e7\u00e3o de empr\u00e9stimos contra\u00eddos em 2014 pela C\u00e2mara de Comercializa\u00e7\u00e3o de Energia El\u00e9trica (CCEE) junto a oito bancos possibilitar\u00e1 um impacto de redu\u00e7\u00e3o m\u00e9dia de 3,7% nas tarifas de energia que ser\u00e3o pagas em 2019 pelo consumidor brasileiro; e de 1,2% em 2020. Esses empr\u00e9stimos foram feitos visando compensar as concession\u00e1rias de energia pelos [&hellip;]<\/p>\n","protected":false},"author":96,"featured_media":132071,"comment_status":"closed","ping_status":"closed","sticky":false,"template":"","format":"standard","meta":{"footnotes":""},"categories":[436,261,262,439],"tags":[],"class_list":["post-136296","post","type-post","status-publish","format-standard","has-post-thumbnail","hentry","category-destaque-da-semana","category-economia","category-noticias","category-ultima-hora"],"_links":{"self":[{"href":"https:\/\/diarioregionaldigital.com.br\/index.php?rest_route=\/wp\/v2\/posts\/136296","targetHints":{"allow":["GET"]}}],"collection":[{"href":"https:\/\/diarioregionaldigital.com.br\/index.php?rest_route=\/wp\/v2\/posts"}],"about":[{"href":"https:\/\/diarioregionaldigital.com.br\/index.php?rest_route=\/wp\/v2\/types\/post"}],"author":[{"embeddable":true,"href":"https:\/\/diarioregionaldigital.com.br\/index.php?rest_route=\/wp\/v2\/users\/96"}],"replies":[{"embeddable":true,"href":"https:\/\/diarioregionaldigital.com.br\/index.php?rest_route=%2Fwp%2Fv2%2Fcomments&post=136296"}],"version-history":[{"count":0,"href":"https:\/\/diarioregionaldigital.com.br\/index.php?rest_route=\/wp\/v2\/posts\/136296\/revisions"}],"wp:featuredmedia":[{"embeddable":true,"href":"https:\/\/diarioregionaldigital.com.br\/index.php?rest_route=\/wp\/v2\/media\/132071"}],"wp:attachment":[{"href":"https:\/\/diarioregionaldigital.com.br\/index.php?rest_route=%2Fwp%2Fv2%2Fmedia&parent=136296"}],"wp:term":[{"taxonomy":"category","embeddable":true,"href":"https:\/\/diarioregionaldigital.com.br\/index.php?rest_route=%2Fwp%2Fv2%2Fcategories&post=136296"},{"taxonomy":"post_tag","embeddable":true,"href":"https:\/\/diarioregionaldigital.com.br\/index.php?rest_route=%2Fwp%2Fv2%2Ftags&post=136296"}],"curies":[{"name":"wp","href":"https:\/\/api.w.org\/{rel}","templated":true}]}}