{"id":136294,"date":"2019-03-20T14:30:29","date_gmt":"2019-03-20T17:30:29","guid":{"rendered":"https:\/\/diarioregionaldigital.com.br\/?p=136294"},"modified":"2019-03-20T14:30:29","modified_gmt":"2019-03-20T17:30:29","slug":"trabalho-informal-puxou-aumento-da-taxa-de-ocupacao","status":"publish","type":"post","link":"https:\/\/diarioregionaldigital.com.br\/?p=136294","title":{"rendered":"Trabalho informal puxou aumento da taxa de ocupa\u00e7\u00e3o"},"content":{"rendered":"<p>A gera\u00e7\u00e3o de vagas de trabalho informais \u2013 sem carteira assinada \u2013 foi respons\u00e1vel pelo aumento da taxa de ocupa\u00e7\u00e3o no pa\u00eds no trimestre encerrado em janeiro, enquanto o ritmo de cria\u00e7\u00e3o de novas vagas formais vem perdendo f\u00f4lego nos \u00faltimos meses, mostrou estudo divulgado nesta quarta-feira, 20, pelo Instituto de Pesquisa Econ\u00f4mica Aplicada (Ipea).<\/p>\n<p>Segundo a Pesquisa Nacional por Amostra de Domic\u00edlios (Pnad), do Instituto Brasileiro de Geografia e Estat\u00edstica (IBGE), o crescimento da taxa de ocupa\u00e7\u00e3o perdeu for\u00e7a. O estudo divulgado pelo Ipea faz uma an\u00e1lise dos dados do IBGE, que revelam que, no in\u00edcio de 2018, a taxa crescia a 2% na compara\u00e7\u00e3o com o ano anterior. No trimestre encerrado em janeiro deste ano a alta foi de 0,9%.<\/p>\n<p>&#8220;Al\u00e9m de fraco, o aumento da ocupa\u00e7\u00e3o aconteceu, basicamente, nos setores informais da economia&#8221;, informa um trecho da se\u00e7\u00e3o Mercado de Trabalho, do boletim Carta de Conjuntura do Ipea, que tamb\u00e9m usa dados do Cadastro Geral de Emprego e Desemprego (Caged). &#8220;Adicionalmente, nota-se que quase um quarto dos empregos formais criados foram baseados em contratos de trabalho parciais ou intermitentes&#8221;.<\/p>\n<p>Apesar de a gera\u00e7\u00e3o de vagas informais puxar o crescimento da ocupa\u00e7\u00e3o, o Ipea avalia que a desacelera\u00e7\u00e3o da taxa de 2% para 0,9% se deve \u00e0 perda de intensidade no crescimento das vagas sem carteira assinada. No in\u00edcio de 2018, a cria\u00e7\u00e3o de novas vagas informais era de 7,3%, enquanto no trimestre encerrado em janeiro deste ano, a expans\u00e3o foi de 3%.<\/p>\n<p>Nos tr\u00eas meses encerrados em janeiro, a varia\u00e7\u00e3o das vagas formais foi de -0,4%, resultado que se repetiu no trimestre anterior. O saldo negativo dos empregos com carteira assinada vem perdendo for\u00e7a desde o segundo trimestre de 2016, quando a queda chegou a 3,6%.<\/p>\n<p>&#8220;Em suma, os dados da Pnad Cont\u00ednua indicam que o emprego formal vinha apontando uma trajet\u00f3ria de retra\u00e7\u00f5es cada vez menores e de taxas de perman\u00eancia cada vez maiores at\u00e9 meados de 2018. A partir da\u00ed, h\u00e1 uma estagna\u00e7\u00e3o nesses indicadores&#8221;, analisam os economistas do Ipea.<\/p>\n<p>Enquanto a taxa de ocupa\u00e7\u00e3o geral subiu 0,9% nos tr\u00eas meses encerrados em janeiro, o indicador teve varia\u00e7\u00e3o negativa de 1,3%, quando avaliados os jovens de 18 a 24 anos. Segundo o Ipea, os jovens nessa faixa et\u00e1ria t\u00eam menos chances de serem contratados e mais chances de serem demitidos. A persist\u00eancia da taxa de desemprego tamb\u00e9m afeta mais os menos escolarizados, segundo o instituto.<\/p>\n<p>O tempo de perman\u00eancia no desemprego tamb\u00e9m vem crescendo, sublinha o Ipea nos dados do IBGE. O percentual de trabalhadores que procuram emprego h\u00e1 dois anos ou mais cresceu ao longo de 2018 at\u00e9 chegar a 26% no \u00faltimo trimestre. &#8220;Consequentemente, no \u00faltimo trimestre do ano passado, 48% dos desocupados se mantiveram nesta situa\u00e7\u00e3o durante todo o per\u00edodo&#8221;, diz o boletim.<\/p>\n<p>Outro dado apontado pelo Ipea \u00e9 a alta do percentual de resid\u00eancias sem renda proveniente do trabalho. De acordo com o estudo, 22,2% dos domic\u00edlios brasileiros estavam nessa situa\u00e7\u00e3o no \u00faltimo trimestre de 2018, enquanto, no fim de 2017, o percentual era de 21,5%. Em n\u00fameros absolutos, 16 milh\u00f5es das 72 milh\u00f5es de resid\u00eancias brasileiras n\u00e3o possuem renda proveniente do trabalho.<\/p>\n<p>Tamb\u00e9m houve varia\u00e7\u00e3o positiva dos percentuais de domic\u00edlios com renda muito baixa e alta. No quarto trimestre de 2018, 30,1% das resid\u00eancias tinham renda menor que R$ 1.601,18 no pa\u00eds, enquanto, no fim de 2017, a fatia era de 29,8%. J\u00e1 os domic\u00edlios com renda superior a R$ 16.011,84 passaram de 2% para 2,1% do total.<\/p>\n<p>&nbsp;<\/p>\n<p>Fonte: Ag\u00eancia Brasil<\/p>\n","protected":false},"excerpt":{"rendered":"<p>A gera\u00e7\u00e3o de vagas de trabalho informais \u2013 sem carteira assinada \u2013 foi respons\u00e1vel pelo aumento da taxa de ocupa\u00e7\u00e3o no pa\u00eds no trimestre encerrado em janeiro, enquanto o ritmo de cria\u00e7\u00e3o de novas vagas formais vem perdendo f\u00f4lego nos \u00faltimos meses, mostrou estudo divulgado nesta quarta-feira, 20, pelo Instituto de Pesquisa Econ\u00f4mica Aplicada (Ipea). [&hellip;]<\/p>\n","protected":false},"author":96,"featured_media":134889,"comment_status":"closed","ping_status":"closed","sticky":false,"template":"","format":"standard","meta":{"footnotes":""},"categories":[436,261,262,439],"tags":[],"class_list":["post-136294","post","type-post","status-publish","format-standard","has-post-thumbnail","hentry","category-destaque-da-semana","category-economia","category-noticias","category-ultima-hora"],"_links":{"self":[{"href":"https:\/\/diarioregionaldigital.com.br\/index.php?rest_route=\/wp\/v2\/posts\/136294","targetHints":{"allow":["GET"]}}],"collection":[{"href":"https:\/\/diarioregionaldigital.com.br\/index.php?rest_route=\/wp\/v2\/posts"}],"about":[{"href":"https:\/\/diarioregionaldigital.com.br\/index.php?rest_route=\/wp\/v2\/types\/post"}],"author":[{"embeddable":true,"href":"https:\/\/diarioregionaldigital.com.br\/index.php?rest_route=\/wp\/v2\/users\/96"}],"replies":[{"embeddable":true,"href":"https:\/\/diarioregionaldigital.com.br\/index.php?rest_route=%2Fwp%2Fv2%2Fcomments&post=136294"}],"version-history":[{"count":0,"href":"https:\/\/diarioregionaldigital.com.br\/index.php?rest_route=\/wp\/v2\/posts\/136294\/revisions"}],"wp:featuredmedia":[{"embeddable":true,"href":"https:\/\/diarioregionaldigital.com.br\/index.php?rest_route=\/wp\/v2\/media\/134889"}],"wp:attachment":[{"href":"https:\/\/diarioregionaldigital.com.br\/index.php?rest_route=%2Fwp%2Fv2%2Fmedia&parent=136294"}],"wp:term":[{"taxonomy":"category","embeddable":true,"href":"https:\/\/diarioregionaldigital.com.br\/index.php?rest_route=%2Fwp%2Fv2%2Fcategories&post=136294"},{"taxonomy":"post_tag","embeddable":true,"href":"https:\/\/diarioregionaldigital.com.br\/index.php?rest_route=%2Fwp%2Fv2%2Ftags&post=136294"}],"curies":[{"name":"wp","href":"https:\/\/api.w.org\/{rel}","templated":true}]}}