{"id":136292,"date":"2019-03-20T14:26:38","date_gmt":"2019-03-20T17:26:38","guid":{"rendered":"https:\/\/diarioregionaldigital.com.br\/?p=136292"},"modified":"2019-03-20T14:26:38","modified_gmt":"2019-03-20T17:26:38","slug":"mercado-financeiro-preve-manutencao-da-taxa-selic-em-65","status":"publish","type":"post","link":"https:\/\/diarioregionaldigital.com.br\/?p=136292","title":{"rendered":"Mercado financeiro prev\u00ea manuten\u00e7\u00e3o da taxa Selic em 6,5%"},"content":{"rendered":"<p>O Comit\u00ea de Pol\u00edtica Monet\u00e1ria\u00a0(Copom) do Banco Central (BC) deve manter nesta quarta-feira, 20, a taxa b\u00e1sica de juros &#8211; a Selic &#8211; em 6,5%, segundo previs\u00e3o de analistas do mercado financeiro.<\/p>\n<p>Nesta quarta-feira, \u00e0s 18h, ser\u00e1 anunciada a taxa, na primeira reuni\u00e3o comandada pelo novo presidente do BC, Roberto Campos Neto, al\u00e9m de dois novos diretores: Bruno Serra Fernandes (Pol\u00edtica Monet\u00e1ria) e Jo\u00e3o Manoel Pinho de Mello (Organiza\u00e7\u00e3o do Sistema Financeiro). O Copom re\u00fane-se oito vezes no ano.<\/p>\n<p>Indicado pelo ministro da Economia, Paulo Guedes, em novembro do ano passado, Campos Neto\u00a0s\u00f3 tomou posse no fim de fevereiro porque precisou ser sabatinado pelo Senado Federal e ter o nome aprovado.<\/p>\n<p>Na cerim\u00f4nia de transmiss\u00e3o de cargo na \u00faltima semana, Campos Neto ressaltou que se empenhar\u00e1 para que o Banco Central cumpra as duas principais miss\u00f5es: manter o poder de compra da moeda por meio de infla\u00e7\u00e3o baixa e a solidez do sistema financeiro.<\/p>\n<p>Ele disse que buscar\u00e1 manter a infla\u00e7\u00e3o em n\u00edveis baixos e controlados. Prometeu continuar a aprimorar a transpar\u00eancia na comunica\u00e7\u00e3o do Banco Central com a sociedade e refor\u00e7ou a defesa da autonomia do BC.<\/p>\n<h2>Reuni\u00e3o do Copom<\/h2>\n<p>No primeiro dia de reuni\u00e3o do Copom, que ocorreu ontem, foram feitas apresenta\u00e7\u00f5es t\u00e9cnicas sobre a evolu\u00e7\u00e3o e as perspectivas das economias brasileira e mundial e o comportamento do mercado financeiro. Neste segundo dia, os membros do Copom avaliar\u00e3o as perspectivas para a infla\u00e7\u00e3o e definir\u00e3o a Selic.<\/p>\n<p>O Banco Central atua diariamente por meio de opera\u00e7\u00f5es de mercado aberto \u2013 comprando e vendendo t\u00edtulos p\u00fablicos federais \u2013 para manter a taxa de juros pr\u00f3xima ao valor definido na reuni\u00e3o.<\/p>\n<p>A taxa b\u00e1sica, que serve de refer\u00eancia para os demais juros da economia, \u00e9 a taxa m\u00e9dia cobrada em negocia\u00e7\u00f5es com t\u00edtulos emitidos pelo Tesouro Nacional, registradas diariamente no Sistema Especial de Liquida\u00e7\u00e3o e de Cust\u00f3dia (Selic).<\/p>\n<p>A manuten\u00e7\u00e3o da Selic no atual patamar, como prev\u00ea o mercado financeiro em pesquisa feita pelo BC, indica que o Copom considera as altera\u00e7\u00f5es anteriores nos juros b\u00e1sicos suficientes para chegar \u00e0 meta de infla\u00e7\u00e3o, objetivo que deve ser perseguido pelo BC.<\/p>\n<p>Ao reduzir os juros b\u00e1sicos, a tend\u00eancia \u00e9 diminuir os custos do cr\u00e9dito e incentivar a produ\u00e7\u00e3o e o consumo. Entretanto, as taxas de juros do cr\u00e9dito n\u00e3o caem na mesma propor\u00e7\u00e3o da Selic. Segundo o BC, isso acontece porque a Selic \u00e9 apenas uma parte do custo do cr\u00e9dito.<\/p>\n<p>Para cortar a Selic, a autoridade monet\u00e1ria precisa estar segura de que os pre\u00e7os est\u00e3o sob controle e n\u00e3o correm risco de ficar acima da meta de infla\u00e7\u00e3o.<\/p>\n<p>Quando o Copom aumenta a Selic, a finalidade \u00e9 conter a demanda aquecida, e isso causa reflexos nos pre\u00e7os porque os juros mais altos encarecem o cr\u00e9dito e estimulam a poupan\u00e7a.<\/p>\n<p>O BC usa a taxa Selic como instrumento para alcan\u00e7ar a meta de infla\u00e7\u00e3o, definida pelo Conselho Monet\u00e1rio Nacional (CMN). Neste ano, a meta \u00e9 4,25%, com intervalo de toler\u00e2ncia entre 2,75% e 5,75%. Para institui\u00e7\u00f5es financeiras, a infla\u00e7\u00e3o, medida pelo \u00cdndice Nacional de Pre\u00e7os ao Consumidor Amplo (IPCA) deve ficar em 3,89%, em 2019.<\/p>\n<h2>Hist\u00f3rico<\/h2>\n<p>De outubro de 2012 a abril de 2013, a taxa Selic foi mantida em 7,25% ao ano e passou a ser reajustada gradualmente at\u00e9 alcan\u00e7ar 14,25% em julho de 2015. Nas reuni\u00f5es seguintes, ela foi mantida nesse patamar.<\/p>\n<p>Em outubro de 2016, foi iniciado um longo ciclo de cortes, quando a taxa caiu 0,25 ponto percentual, indo para 14% ao ano.<\/p>\n<p>Esse processo durou at\u00e9 mar\u00e7o de 2018, quando a Selic chegou ao seu m\u00ednimo hist\u00f3rico, 6,5% ao ano, e depois disso ela foi mantida pelo Copom.<\/p>\n<p>&nbsp;<\/p>\n<p>Fonte: Ag\u00eancia Brasil<\/p>\n","protected":false},"excerpt":{"rendered":"<p>O Comit\u00ea de Pol\u00edtica Monet\u00e1ria\u00a0(Copom) do Banco Central (BC) deve manter nesta quarta-feira, 20, a taxa b\u00e1sica de juros &#8211; a Selic &#8211; em 6,5%, segundo previs\u00e3o de analistas do mercado financeiro. Nesta quarta-feira, \u00e0s 18h, ser\u00e1 anunciada a taxa, na primeira reuni\u00e3o comandada pelo novo presidente do BC, Roberto Campos Neto, al\u00e9m de dois [&hellip;]<\/p>\n","protected":false},"author":96,"featured_media":135007,"comment_status":"closed","ping_status":"closed","sticky":false,"template":"","format":"standard","meta":{"footnotes":""},"categories":[436,261,262,439],"tags":[],"class_list":["post-136292","post","type-post","status-publish","format-standard","has-post-thumbnail","hentry","category-destaque-da-semana","category-economia","category-noticias","category-ultima-hora"],"_links":{"self":[{"href":"https:\/\/diarioregionaldigital.com.br\/index.php?rest_route=\/wp\/v2\/posts\/136292","targetHints":{"allow":["GET"]}}],"collection":[{"href":"https:\/\/diarioregionaldigital.com.br\/index.php?rest_route=\/wp\/v2\/posts"}],"about":[{"href":"https:\/\/diarioregionaldigital.com.br\/index.php?rest_route=\/wp\/v2\/types\/post"}],"author":[{"embeddable":true,"href":"https:\/\/diarioregionaldigital.com.br\/index.php?rest_route=\/wp\/v2\/users\/96"}],"replies":[{"embeddable":true,"href":"https:\/\/diarioregionaldigital.com.br\/index.php?rest_route=%2Fwp%2Fv2%2Fcomments&post=136292"}],"version-history":[{"count":0,"href":"https:\/\/diarioregionaldigital.com.br\/index.php?rest_route=\/wp\/v2\/posts\/136292\/revisions"}],"wp:featuredmedia":[{"embeddable":true,"href":"https:\/\/diarioregionaldigital.com.br\/index.php?rest_route=\/wp\/v2\/media\/135007"}],"wp:attachment":[{"href":"https:\/\/diarioregionaldigital.com.br\/index.php?rest_route=%2Fwp%2Fv2%2Fmedia&parent=136292"}],"wp:term":[{"taxonomy":"category","embeddable":true,"href":"https:\/\/diarioregionaldigital.com.br\/index.php?rest_route=%2Fwp%2Fv2%2Fcategories&post=136292"},{"taxonomy":"post_tag","embeddable":true,"href":"https:\/\/diarioregionaldigital.com.br\/index.php?rest_route=%2Fwp%2Fv2%2Ftags&post=136292"}],"curies":[{"name":"wp","href":"https:\/\/api.w.org\/{rel}","templated":true}]}}