{"id":136289,"date":"2019-03-20T14:22:31","date_gmt":"2019-03-20T17:22:31","guid":{"rendered":"https:\/\/diarioregionaldigital.com.br\/?p=136289"},"modified":"2019-03-20T14:22:31","modified_gmt":"2019-03-20T17:22:31","slug":"a-cada-60-minutos-uma-crianca-ou-adolescente-morre-por-arma-de-fogo","status":"publish","type":"post","link":"https:\/\/diarioregionaldigital.com.br\/?p=136289","title":{"rendered":"A cada 60 minutos, uma crian\u00e7a ou adolescente morre por arma de fogo"},"content":{"rendered":"<p>A cada 60 minutos, uma crian\u00e7a ou um adolescente morre no Brasil em decorr\u00eancia de ferimentos por arma de fogo. Entre 1997 e 2016, mais de 145 mil jovens com at\u00e9 19 anos faleceram em consequ\u00eancia de disparos acidentais ou intencionais, como em casos de homic\u00eddio e suic\u00eddio. Os dados fazem parte de um levantamento divulgado\u00a0nesta quarta-feira, 20,\u00a0 pela Sociedade Brasileira de Pediatria.<\/p>\n<div id=\"attachment_136287\" style=\"width: 310px\" class=\"wp-caption alignleft\"><img loading=\"lazy\" decoding=\"async\" aria-describedby=\"caption-attachment-136287\" class=\"size-medium wp-image-136287\" src=\"https:\/\/diarioregionaldigital.com.br\/wp-content\/uploads\/2019\/03\/Jovens-300x212.jpg\" alt=\"\" width=\"300\" height=\"212\" srcset=\"https:\/\/diarioregionaldigital.com.br\/wp-content\/uploads\/2019\/03\/Jovens-300x212.jpg 300w, https:\/\/diarioregionaldigital.com.br\/wp-content\/uploads\/2019\/03\/Jovens-360x254.jpg 360w, https:\/\/diarioregionaldigital.com.br\/wp-content\/uploads\/2019\/03\/Jovens-100x70.jpg 100w, https:\/\/diarioregionaldigital.com.br\/wp-content\/uploads\/2019\/03\/Jovens.jpg 750w\" sizes=\"auto, (max-width: 300px) 100vw, 300px\" \/><p id=\"caption-attachment-136287\" class=\"wp-caption-text\">Os dados fazem parte de um levantamento divulgado nesta quarta-feira, 20, pela Sociedade Brasileira de Pediatria. Foto: Divulga\u00e7\u00e3o<\/p><\/div>\n<p>De acordo com o estudo, que considerou dados do Sistema de Informa\u00e7\u00f5es sobre Mortalidade do Minist\u00e9rio da Sa\u00fade, em 2016, ano mais recente dispon\u00edvel, foram registrados 9.517 \u00f3bitos entre crian\u00e7as e adolescentes no pa\u00eds. O n\u00famero \u00e9 praticamente o dobro do identificado h\u00e1 20 anos \u2013 4.846 casos em 1997 \u2013 e representa, em valores absolutos, o pico da s\u00e9rie hist\u00f3rica.<\/p>\n<p>O levantamento mostra que, a cada duas horas, uma crian\u00e7a ou adolescente d\u00e1 entrada em um hospital da rede p\u00fablica de sa\u00fade com ferimento por disparo de arma de fogo. Entre 1999 e 2018, foram registradas quase 96 mil interna\u00e7\u00f5es de jovens com at\u00e9 19 anos no Sistema \u00danico de Sa\u00fade (SUS).<\/p>\n<h2>Despesas<\/h2>\n<p>As principais causas externas de morte por arma de fogo nessa faixa et\u00e1ria est\u00e3o relacionadas a homic\u00eddios (94%), seguidos de inten\u00e7\u00f5es indeterminadas (4%), suic\u00eddios (2%) e acidentes (1%). No caso das interna\u00e7\u00f5es, embora as tentativas de homic\u00eddio continuem na lideran\u00e7a (67%), \u00e9 bastante expressivo o volume de acidentes (26%) envolvendo arma de fogo.<\/p>\n<p>A avalia\u00e7\u00e3o contabilizou ainda as despesas diretas do SUS com pacientes atendidos ap\u00f3s contato com armas de fogo. Nos \u00faltimos 20 anos, as interna\u00e7\u00f5es de crian\u00e7as e adolescente provocadas por disparos custaram mais de R$ 210 milh\u00f5es aos cofres p\u00fablicos.<\/p>\n<p>O estudo considerou causas de morbidade hospitalar e mortalidade identificadas nas bases oficiais do Minist\u00e9rio da Sa\u00fade como acidentais, suic\u00eddios ou tentativas de suic\u00eddio, homic\u00eddios ou tentativas de homic\u00eddio e inten\u00e7\u00f5es indeterminadas.<\/p>\n<p>&nbsp;<\/p>\n<p>Fonte: Ag\u00eancia Brasil<\/p>\n","protected":false},"excerpt":{"rendered":"<p>A cada 60 minutos, uma crian\u00e7a ou um adolescente morre no Brasil em decorr\u00eancia de ferimentos por arma de fogo. Entre 1997 e 2016, mais de 145 mil jovens com at\u00e9 19 anos faleceram em consequ\u00eancia de disparos acidentais ou intencionais, como em casos de homic\u00eddio e suic\u00eddio. Os dados fazem parte de um levantamento [&hellip;]<\/p>\n","protected":false},"author":96,"featured_media":136290,"comment_status":"closed","ping_status":"closed","sticky":false,"template":"","format":"standard","meta":{"footnotes":""},"categories":[302,436,440,262,439],"tags":[],"class_list":["post-136289","post","type-post","status-publish","format-standard","has-post-thumbnail","hentry","category-brasil-mundo","category-destaque-da-semana","category-destaques-do-dia","category-noticias","category-ultima-hora"],"_links":{"self":[{"href":"https:\/\/diarioregionaldigital.com.br\/index.php?rest_route=\/wp\/v2\/posts\/136289","targetHints":{"allow":["GET"]}}],"collection":[{"href":"https:\/\/diarioregionaldigital.com.br\/index.php?rest_route=\/wp\/v2\/posts"}],"about":[{"href":"https:\/\/diarioregionaldigital.com.br\/index.php?rest_route=\/wp\/v2\/types\/post"}],"author":[{"embeddable":true,"href":"https:\/\/diarioregionaldigital.com.br\/index.php?rest_route=\/wp\/v2\/users\/96"}],"replies":[{"embeddable":true,"href":"https:\/\/diarioregionaldigital.com.br\/index.php?rest_route=%2Fwp%2Fv2%2Fcomments&post=136289"}],"version-history":[{"count":0,"href":"https:\/\/diarioregionaldigital.com.br\/index.php?rest_route=\/wp\/v2\/posts\/136289\/revisions"}],"wp:featuredmedia":[{"embeddable":true,"href":"https:\/\/diarioregionaldigital.com.br\/index.php?rest_route=\/wp\/v2\/media\/136290"}],"wp:attachment":[{"href":"https:\/\/diarioregionaldigital.com.br\/index.php?rest_route=%2Fwp%2Fv2%2Fmedia&parent=136289"}],"wp:term":[{"taxonomy":"category","embeddable":true,"href":"https:\/\/diarioregionaldigital.com.br\/index.php?rest_route=%2Fwp%2Fv2%2Fcategories&post=136289"},{"taxonomy":"post_tag","embeddable":true,"href":"https:\/\/diarioregionaldigital.com.br\/index.php?rest_route=%2Fwp%2Fv2%2Ftags&post=136289"}],"curies":[{"name":"wp","href":"https:\/\/api.w.org\/{rel}","templated":true}]}}