{"id":136277,"date":"2019-03-20T06:00:55","date_gmt":"2019-03-20T09:00:55","guid":{"rendered":"https:\/\/diarioregionaldigital.com.br\/?p=136277"},"modified":"2019-03-20T02:46:11","modified_gmt":"2019-03-20T05:46:11","slug":"prefeitura-municipal-de-rio-novo-licitacao-no031-20-03-19","status":"publish","type":"post","link":"https:\/\/diarioregionaldigital.com.br\/?p=136277","title":{"rendered":"Prefeitura Municipal de Rio Novo &#8211; Licita\u00e7\u00e3o n\u00ba031 &#8211; 20\/03\/19"},"content":{"rendered":"<p style=\"text-align: center;\"><strong>PREFEITURA MUNICIPAL DE RIO NOVO<\/strong><\/p>\n<p style=\"text-align: center;\"><strong>AVISO DE LICITA\u00c7\u00c3O<\/strong><\/p>\n<p style=\"text-align: center;\"><strong>Licita\u00e7\u00e3o n\u00b0 031\/2019<\/strong><\/p>\n<p style=\"text-align: center;\"><strong>Modalidade de Tomada de Pre\u00e7on\u00b0 001\/2019<\/strong><\/p>\n<p style=\"text-align: center;\">O Munic\u00edpio de RIO NOVO, na forma da lei, faz saber a todos quantos o presente edital virem, ou dele conhecimento tiverem, que a partir das 09:30h do dia 23 de abril de 2019, na Prefeitura Municipal na sala da comiss\u00e3o de licita\u00e7\u00e3o, localizada na rua PRA\u00c7A PREF. RONALDO DUTRA BORGES, n\u00b0 001, bairro CENTRO, munic\u00edpio de RIO NOVO, ser\u00e1 realizada licita\u00e7\u00e3o para a contrata\u00e7\u00e3o de interessados na CONTRATA\u00c7\u00c3O DE EMPRESA ESPECIALIZADA EM PRESTA\u00c7\u00c3O DE SERVI\u00c7OS T\u00c9CNICOS PROFISSIONAIS DE CONSULTORIA E ASSESSORIA CONT\u00c1BIL PARA ADMINISTRA\u00c7\u00c3O P\u00daBLICA, COMPREENDENDO: OR\u00c7AMENTO P\u00daBLICO, CONTABILIDADE P\u00daBLICA, EXECU\u00c7\u00c3O OR\u00c7AMENT\u00c1RIA, TESOURARIA, PATRIM\u00d4NIO, DISPONIBILIZANDO, INCLUSIVE, SOFTWARE PARA O DESENVOLVIMENTO DOS TRABALHOS NAS \u00c1REAS DE OR\u00c7AMENTO, CONTABILIDADE P\u00daBLICA, TESOURARIA, EXECU\u00c7\u00c3O OR\u00c7AMENT\u00c1RIA, PATRIM\u00d4NIO, TRIBUTOS, FROTAS E FOLHA DE PAGAMENTO\u00a0\u00a0 tipo Melhor T\u00e9cnica e Pre\u00e7o conforme consta no edital que se encontra\u00a0 a disposi\u00e7\u00e3o de todos\u00a0 os interessados na Prefeitura Municipal, onde poder\u00e3o obt\u00ea-lo. Para conhecimento de todos os interessados, expediu-se o presente que ser\u00e1 afixado no lugar de costume, publicando-se na forma da lei. RIO NOVO, 19 de mar\u00e7o de 2019.<\/p>\n","protected":false},"excerpt":{"rendered":"<p>PREFEITURA MUNICIPAL DE RIO NOVO AVISO DE LICITA\u00c7\u00c3O Licita\u00e7\u00e3o n\u00b0 031\/2019 Modalidade de Tomada de Pre\u00e7on\u00b0 001\/2019 O Munic\u00edpio de RIO NOVO, na forma da lei, faz saber a todos quantos o presente edital virem, ou dele conhecimento tiverem, que a partir das 09:30h do dia 23 de abril de 2019, na Prefeitura Municipal na [&hellip;]<\/p>\n","protected":false},"author":96,"featured_media":0,"comment_status":"closed","ping_status":"closed","sticky":false,"template":"","format":"standard","meta":{"footnotes":""},"categories":[307],"tags":[],"class_list":["post-136277","post","type-post","status-publish","format-standard","hentry","category-editais"],"_links":{"self":[{"href":"https:\/\/diarioregionaldigital.com.br\/index.php?rest_route=\/wp\/v2\/posts\/136277","targetHints":{"allow":["GET"]}}],"collection":[{"href":"https:\/\/diarioregionaldigital.com.br\/index.php?rest_route=\/wp\/v2\/posts"}],"about":[{"href":"https:\/\/diarioregionaldigital.com.br\/index.php?rest_route=\/wp\/v2\/types\/post"}],"author":[{"embeddable":true,"href":"https:\/\/diarioregionaldigital.com.br\/index.php?rest_route=\/wp\/v2\/users\/96"}],"replies":[{"embeddable":true,"href":"https:\/\/diarioregionaldigital.com.br\/index.php?rest_route=%2Fwp%2Fv2%2Fcomments&post=136277"}],"version-history":[{"count":0,"href":"https:\/\/diarioregionaldigital.com.br\/index.php?rest_route=\/wp\/v2\/posts\/136277\/revisions"}],"wp:attachment":[{"href":"https:\/\/diarioregionaldigital.com.br\/index.php?rest_route=%2Fwp%2Fv2%2Fmedia&parent=136277"}],"wp:term":[{"taxonomy":"category","embeddable":true,"href":"https:\/\/diarioregionaldigital.com.br\/index.php?rest_route=%2Fwp%2Fv2%2Fcategories&post=136277"},{"taxonomy":"post_tag","embeddable":true,"href":"https:\/\/diarioregionaldigital.com.br\/index.php?rest_route=%2Fwp%2Fv2%2Ftags&post=136277"}],"curies":[{"name":"wp","href":"https:\/\/api.w.org\/{rel}","templated":true}]}}