{"id":136261,"date":"2019-03-20T06:00:20","date_gmt":"2019-03-20T09:00:20","guid":{"rendered":"https:\/\/diarioregionaldigital.com.br\/?p=136261"},"modified":"2019-03-19T20:20:32","modified_gmt":"2019-03-19T23:20:32","slug":"comarca-de-intimacao-sergio-ferreira-filho-20-03-19","status":"publish","type":"post","link":"https:\/\/diarioregionaldigital.com.br\/?p=136261","title":{"rendered":"Comarca de Intima\u00e7\u00e3o &#8211; S\u00e9rgio Ferreira Filho &#8211; 20\/03\/19"},"content":{"rendered":"<p><img loading=\"lazy\" decoding=\"async\" class=\"aligncenter wp-image-136257\" src=\"https:\/\/diarioregionaldigital.com.br\/wp-content\/uploads\/2019\/03\/Comarca-de-Juiz-de-Fora-Universo.jpg\" alt=\"\" width=\"500\" height=\"995\" srcset=\"https:\/\/diarioregionaldigital.com.br\/wp-content\/uploads\/2019\/03\/Comarca-de-Juiz-de-Fora-Universo.jpg 1488w, https:\/\/diarioregionaldigital.com.br\/wp-content\/uploads\/2019\/03\/Comarca-de-Juiz-de-Fora-Universo-151x300.jpg 151w, https:\/\/diarioregionaldigital.com.br\/wp-content\/uploads\/2019\/03\/Comarca-de-Juiz-de-Fora-Universo-768x1528.jpg 768w, https:\/\/diarioregionaldigital.com.br\/wp-content\/uploads\/2019\/03\/Comarca-de-Juiz-de-Fora-Universo-515x1024.jpg 515w, https:\/\/diarioregionaldigital.com.br\/wp-content\/uploads\/2019\/03\/Comarca-de-Juiz-de-Fora-Universo-360x716.jpg 360w\" sizes=\"auto, (max-width: 500px) 100vw, 500px\" \/><\/p>\n","protected":false},"excerpt":{"rendered":"","protected":false},"author":96,"featured_media":0,"comment_status":"closed","ping_status":"closed","sticky":false,"template":"","format":"standard","meta":{"footnotes":""},"categories":[307],"tags":[],"class_list":["post-136261","post","type-post","status-publish","format-standard","hentry","category-editais"],"_links":{"self":[{"href":"https:\/\/diarioregionaldigital.com.br\/index.php?rest_route=\/wp\/v2\/posts\/136261","targetHints":{"allow":["GET"]}}],"collection":[{"href":"https:\/\/diarioregionaldigital.com.br\/index.php?rest_route=\/wp\/v2\/posts"}],"about":[{"href":"https:\/\/diarioregionaldigital.com.br\/index.php?rest_route=\/wp\/v2\/types\/post"}],"author":[{"embeddable":true,"href":"https:\/\/diarioregionaldigital.com.br\/index.php?rest_route=\/wp\/v2\/users\/96"}],"replies":[{"embeddable":true,"href":"https:\/\/diarioregionaldigital.com.br\/index.php?rest_route=%2Fwp%2Fv2%2Fcomments&post=136261"}],"version-history":[{"count":0,"href":"https:\/\/diarioregionaldigital.com.br\/index.php?rest_route=\/wp\/v2\/posts\/136261\/revisions"}],"wp:attachment":[{"href":"https:\/\/diarioregionaldigital.com.br\/index.php?rest_route=%2Fwp%2Fv2%2Fmedia&parent=136261"}],"wp:term":[{"taxonomy":"category","embeddable":true,"href":"https:\/\/diarioregionaldigital.com.br\/index.php?rest_route=%2Fwp%2Fv2%2Fcategories&post=136261"},{"taxonomy":"post_tag","embeddable":true,"href":"https:\/\/diarioregionaldigital.com.br\/index.php?rest_route=%2Fwp%2Fv2%2Ftags&post=136261"}],"curies":[{"name":"wp","href":"https:\/\/api.w.org\/{rel}","templated":true}]}}