{"id":136252,"date":"2019-03-20T06:00:15","date_gmt":"2019-03-20T09:00:15","guid":{"rendered":"https:\/\/diarioregionaldigital.com.br\/?p=136252"},"modified":"2019-03-19T20:12:01","modified_gmt":"2019-03-19T23:12:01","slug":"convocacao-hosp-maternidade-20-03-19","status":"publish","type":"post","link":"https:\/\/diarioregionaldigital.com.br\/?p=136252","title":{"rendered":"Convoca\u00e7\u00e3o &#8211; Hosp Maternidade &#8211; 20\/03\/19"},"content":{"rendered":"<p style=\"text-align: center;\"><strong>ASSEMBL\u00c9IA GERAL ORDIN\u00c1RIA<\/strong><\/p>\n<p style=\"text-align: center;\"><strong>EDITAL DE CONVOCA\u00c7\u00c3O<\/strong><\/p>\n<p style=\"text-align: center;\">O Dr Jos\u00e9 Mariano Soares de Moraes, Conselheiro Presidente do Conselho Deliberativo do Hospital e Maternidade Therezinha de Jesus, no uso das atribui\u00e7\u00f5es que lhe confere a cl\u00e1usula 16 do Estatuto Social, convoca os associados, em condi\u00e7\u00f5es de votar, para se reunirem em Assembleia Geral Ordin\u00e1ria, a realizar-se na sua sede social na Rua Dr Dirceu de Andrade, n\u00ba 33, S\u00e3o Mateus, Juiz de Fora &#8211; MG, em 26 de mar\u00e7o de 2019 \u00e0s 09:00 para primeira convoca\u00e7\u00e3o, com a presen\u00e7a de 2\/3 (dois ter\u00e7os) dos associados, \u00e0s 09:30 para segunda convoca\u00e7\u00e3o, para deliberar sobre o relat\u00f3rio anual e presta\u00e7\u00e3o de contas de 2018, discutir o balan\u00e7o e as demais demonstra\u00e7\u00f5es financeiras.<\/p>\n<p style=\"text-align: center;\">Juiz de Fora, 14 de mar\u00e7o de 2019.<\/p>\n<p style=\"text-align: center;\"><strong>Dr Jose Mariano Soares de Moraes<\/strong><\/p>\n<p style=\"text-align: center;\"><strong>Conselheiro Presidente<\/strong><\/p>\n","protected":false},"excerpt":{"rendered":"<p>ASSEMBL\u00c9IA GERAL ORDIN\u00c1RIA EDITAL DE CONVOCA\u00c7\u00c3O O Dr Jos\u00e9 Mariano Soares de Moraes, Conselheiro Presidente do Conselho Deliberativo do Hospital e Maternidade Therezinha de Jesus, no uso das atribui\u00e7\u00f5es que lhe confere a cl\u00e1usula 16 do Estatuto Social, convoca os associados, em condi\u00e7\u00f5es de votar, para se reunirem em Assembleia Geral Ordin\u00e1ria, a realizar-se na [&hellip;]<\/p>\n","protected":false},"author":96,"featured_media":0,"comment_status":"closed","ping_status":"closed","sticky":false,"template":"","format":"standard","meta":{"footnotes":""},"categories":[307],"tags":[],"class_list":["post-136252","post","type-post","status-publish","format-standard","hentry","category-editais"],"_links":{"self":[{"href":"https:\/\/diarioregionaldigital.com.br\/index.php?rest_route=\/wp\/v2\/posts\/136252","targetHints":{"allow":["GET"]}}],"collection":[{"href":"https:\/\/diarioregionaldigital.com.br\/index.php?rest_route=\/wp\/v2\/posts"}],"about":[{"href":"https:\/\/diarioregionaldigital.com.br\/index.php?rest_route=\/wp\/v2\/types\/post"}],"author":[{"embeddable":true,"href":"https:\/\/diarioregionaldigital.com.br\/index.php?rest_route=\/wp\/v2\/users\/96"}],"replies":[{"embeddable":true,"href":"https:\/\/diarioregionaldigital.com.br\/index.php?rest_route=%2Fwp%2Fv2%2Fcomments&post=136252"}],"version-history":[{"count":0,"href":"https:\/\/diarioregionaldigital.com.br\/index.php?rest_route=\/wp\/v2\/posts\/136252\/revisions"}],"wp:attachment":[{"href":"https:\/\/diarioregionaldigital.com.br\/index.php?rest_route=%2Fwp%2Fv2%2Fmedia&parent=136252"}],"wp:term":[{"taxonomy":"category","embeddable":true,"href":"https:\/\/diarioregionaldigital.com.br\/index.php?rest_route=%2Fwp%2Fv2%2Fcategories&post=136252"},{"taxonomy":"post_tag","embeddable":true,"href":"https:\/\/diarioregionaldigital.com.br\/index.php?rest_route=%2Fwp%2Fv2%2Ftags&post=136252"}],"curies":[{"name":"wp","href":"https:\/\/api.w.org\/{rel}","templated":true}]}}