{"id":136247,"date":"2019-03-20T06:00:57","date_gmt":"2019-03-20T09:00:57","guid":{"rendered":"https:\/\/diarioregionaldigital.com.br\/?p=136247"},"modified":"2019-03-19T20:06:04","modified_gmt":"2019-03-19T23:06:04","slug":"visita-ilustre","status":"publish","type":"post","link":"https:\/\/diarioregionaldigital.com.br\/?p=136247","title":{"rendered":"Visita Ilustre"},"content":{"rendered":"<p style=\"text-align: center;\"><strong>Divulga\u00e7\u00e3o<\/strong><\/p>\n<p style=\"text-align: center;\">Antenadas e convictas de seu talento, duas egressas do curso de tecnologia em Design de Moda do CES\/JF tiveram seus artigos publicados na Revista Achiote, peri\u00f3dico de Gradua\u00e7\u00e3o e P\u00f3s-gradua\u00e7\u00e3o de Design de Moda e Estudos Culturais Contempor\u00e2neos da Universidade FUMEG. Orientadas pela professora Andrea Lomeu Portela, os textos p\u00fablicos foram: Alice em um Pa\u00eds Nonsense, de Alice de Almeida Lobo e Beleza Negra de Cabe\u00e7a Feita de Ingrid dos Santos de Lima. Ambos os textos foram produzidos para o TCC do curso de Design de Moda e submeteram a publica\u00e7\u00e3o em 2018, com sucesso.<\/p>\n<p style=\"text-align: center;\"><strong>Autismo<\/strong><\/p>\n<p style=\"text-align: center;\">Esclarecer informa\u00e7\u00f5es valiosas sobre o Transtorno do Espectro Autista (TEA) e refor\u00e7ar a import\u00e2ncia do diagn\u00f3stico. Essas s\u00e3o uma das propostas do livro \u201cMentes \u00danicas\u201d de Clay e Luciana Brites. Publicada pela Gente Editora a obra mostra que o transtorno n\u00e3o \u00e9 o fim do mundo e que \u00e9 poss\u00edvel ajudar um autista a desenvolver suas habilidades impulsionando seu potencial.<\/p>\n<p style=\"text-align: center;\"><strong>Elei\u00e7\u00e3o<\/strong><\/p>\n<p style=\"text-align: center;\">Conjugando estabilidade, pela primeira vez na hist\u00f3ria, o pleito da Associa\u00e7\u00e3o Mineira de Munic\u00edpios (AMM) aconteceu sem a interfer\u00eancia dos membros da Assembleia Legislativa e do Governo do Estado. A reelei\u00e7\u00e3o do atual presidente Juvan Lacerda (MDB) foi por unanimidade. Para os pr\u00f3ximos anos, ele promete um mandato independente.<\/p>\n<p style=\"text-align: center;\"><strong>Visita Ilustre<\/strong><\/p>\n<p style=\"text-align: center;\">Com rara eleg\u00e2ncia, o pr\u00edncipe Pedro Carlos de Orleans e Bragan\u00e7a esteve visitando o Museu Mariano Proc\u00f3pio acompanhado de sua esposa Patr\u00edcia. Recebido pelo diretor do Museu, Ant\u00f4nio Carlos Duarte, felicitou a equipe da institui\u00e7\u00e3o pelas a\u00e7\u00f5es junto ao p\u00fablico.<\/p>\n<div id=\"attachment_136220\" style=\"width: 690px\" class=\"wp-caption aligncenter\"><img loading=\"lazy\" decoding=\"async\" aria-describedby=\"caption-attachment-136220\" class=\"wp-image-136220\" src=\"https:\/\/diarioregionaldigital.com.br\/wp-content\/uploads\/2019\/03\/fotoa-3-e1553036395440.jpg\" alt=\"\" width=\"680\" height=\"560\" srcset=\"https:\/\/diarioregionaldigital.com.br\/wp-content\/uploads\/2019\/03\/fotoa-3-e1553036395440.jpg 1172w, https:\/\/diarioregionaldigital.com.br\/wp-content\/uploads\/2019\/03\/fotoa-3-e1553036395440-300x247.jpg 300w, https:\/\/diarioregionaldigital.com.br\/wp-content\/uploads\/2019\/03\/fotoa-3-e1553036395440-768x633.jpg 768w, https:\/\/diarioregionaldigital.com.br\/wp-content\/uploads\/2019\/03\/fotoa-3-e1553036395440-1024x844.jpg 1024w, https:\/\/diarioregionaldigital.com.br\/wp-content\/uploads\/2019\/03\/fotoa-3-e1553036395440-220x180.jpg 220w, https:\/\/diarioregionaldigital.com.br\/wp-content\/uploads\/2019\/03\/fotoa-3-e1553036395440-360x297.jpg 360w\" sizes=\"auto, (max-width: 680px) 100vw, 680px\" \/><p id=\"caption-attachment-136220\" class=\"wp-caption-text\">Destaque absoluto na Odontologia em Juiz de Fora, Dr. Mauro Cruz<\/p><\/div>\n<div id=\"attachment_136224\" style=\"width: 690px\" class=\"wp-caption aligncenter\"><img loading=\"lazy\" decoding=\"async\" aria-describedby=\"caption-attachment-136224\" class=\"wp-image-136224\" src=\"https:\/\/diarioregionaldigital.com.br\/wp-content\/uploads\/2019\/03\/fotoc-6.jpg\" alt=\"\" width=\"680\" height=\"453\" srcset=\"https:\/\/diarioregionaldigital.com.br\/wp-content\/uploads\/2019\/03\/fotoc-6.jpg 1280w, https:\/\/diarioregionaldigital.com.br\/wp-content\/uploads\/2019\/03\/fotoc-6-300x200.jpg 300w, https:\/\/diarioregionaldigital.com.br\/wp-content\/uploads\/2019\/03\/fotoc-6-768x512.jpg 768w, https:\/\/diarioregionaldigital.com.br\/wp-content\/uploads\/2019\/03\/fotoc-6-1024x682.jpg 1024w, https:\/\/diarioregionaldigital.com.br\/wp-content\/uploads\/2019\/03\/fotoc-6-360x240.jpg 360w\" sizes=\"auto, (max-width: 680px) 100vw, 680px\" \/><p id=\"caption-attachment-136224\" class=\"wp-caption-text\">Na C\u00e2mara Municipal, o jornalista S\u00e1vio Duque prestigiou a homenageada pelo PV, Rafaela Frutuoso<\/p><\/div>\n<div id=\"attachment_136222\" style=\"width: 690px\" class=\"wp-caption aligncenter\"><img loading=\"lazy\" decoding=\"async\" aria-describedby=\"caption-attachment-136222\" class=\"wp-image-136222\" src=\"https:\/\/diarioregionaldigital.com.br\/wp-content\/uploads\/2019\/03\/fotob-4-e1553036439474.jpg\" alt=\"\" width=\"680\" height=\"546\" srcset=\"https:\/\/diarioregionaldigital.com.br\/wp-content\/uploads\/2019\/03\/fotob-4-e1553036439474.jpg 1184w, https:\/\/diarioregionaldigital.com.br\/wp-content\/uploads\/2019\/03\/fotob-4-e1553036439474-300x241.jpg 300w, https:\/\/diarioregionaldigital.com.br\/wp-content\/uploads\/2019\/03\/fotob-4-e1553036439474-768x616.jpg 768w, https:\/\/diarioregionaldigital.com.br\/wp-content\/uploads\/2019\/03\/fotob-4-e1553036439474-1024x822.jpg 1024w, https:\/\/diarioregionaldigital.com.br\/wp-content\/uploads\/2019\/03\/fotob-4-e1553036439474-360x289.jpg 360w\" sizes=\"auto, (max-width: 680px) 100vw, 680px\" \/><p id=\"caption-attachment-136222\" class=\"wp-caption-text\">Em noite dedicada \u00e0s mulheres na Churrascaria Chimarrom, Ivete Gomes e Martha Lisboa<\/p><\/div>\n<div id=\"attachment_136223\" style=\"width: 690px\" class=\"wp-caption aligncenter\"><img loading=\"lazy\" decoding=\"async\" aria-describedby=\"caption-attachment-136223\" class=\"wp-image-136223\" src=\"https:\/\/diarioregionaldigital.com.br\/wp-content\/uploads\/2019\/03\/fotobb-1-e1553036462150.jpg\" alt=\"\" width=\"680\" height=\"584\" srcset=\"https:\/\/diarioregionaldigital.com.br\/wp-content\/uploads\/2019\/03\/fotobb-1-e1553036462150.jpg 715w, https:\/\/diarioregionaldigital.com.br\/wp-content\/uploads\/2019\/03\/fotobb-1-e1553036462150-300x258.jpg 300w, https:\/\/diarioregionaldigital.com.br\/wp-content\/uploads\/2019\/03\/fotobb-1-e1553036462150-360x309.jpg 360w\" sizes=\"auto, (max-width: 680px) 100vw, 680px\" \/><p id=\"caption-attachment-136223\" class=\"wp-caption-text\">Participando da Ressaca do Bloco Parangol\u00e9 Valvulado na Cervejaria Golem, os lindos Lidiane Stambassi e Jo\u00e3o Cavalcanti<\/p><\/div>\n<div id=\"attachment_136221\" style=\"width: 690px\" class=\"wp-caption aligncenter\"><img loading=\"lazy\" decoding=\"async\" aria-describedby=\"caption-attachment-136221\" class=\"wp-image-136221\" src=\"https:\/\/diarioregionaldigital.com.br\/wp-content\/uploads\/2019\/03\/fotoaa-4-e1553036413755.jpg\" alt=\"\" width=\"680\" height=\"494\" srcset=\"https:\/\/diarioregionaldigital.com.br\/wp-content\/uploads\/2019\/03\/fotoaa-4-e1553036413755.jpg 909w, https:\/\/diarioregionaldigital.com.br\/wp-content\/uploads\/2019\/03\/fotoaa-4-e1553036413755-300x218.jpg 300w, https:\/\/diarioregionaldigital.com.br\/wp-content\/uploads\/2019\/03\/fotoaa-4-e1553036413755-768x558.jpg 768w, https:\/\/diarioregionaldigital.com.br\/wp-content\/uploads\/2019\/03\/fotoaa-4-e1553036413755-360x262.jpg 360w\" sizes=\"auto, (max-width: 680px) 100vw, 680px\" \/><p id=\"caption-attachment-136221\" class=\"wp-caption-text\">Na reabertura do Privil\u00e8ge, os jornalistas Edna Rodrigues, Raphael Paradella e Helenise Machado<\/p><\/div>\n<div id=\"attachment_136225\" style=\"width: 690px\" class=\"wp-caption aligncenter\"><img loading=\"lazy\" decoding=\"async\" aria-describedby=\"caption-attachment-136225\" class=\"wp-image-136225\" src=\"https:\/\/diarioregionaldigital.com.br\/wp-content\/uploads\/2019\/03\/fotod-6-e1553036480402.jpg\" alt=\"\" width=\"680\" height=\"495\" srcset=\"https:\/\/diarioregionaldigital.com.br\/wp-content\/uploads\/2019\/03\/fotod-6-e1553036480402.jpg 1176w, https:\/\/diarioregionaldigital.com.br\/wp-content\/uploads\/2019\/03\/fotod-6-e1553036480402-300x218.jpg 300w, https:\/\/diarioregionaldigital.com.br\/wp-content\/uploads\/2019\/03\/fotod-6-e1553036480402-768x559.jpg 768w, https:\/\/diarioregionaldigital.com.br\/wp-content\/uploads\/2019\/03\/fotod-6-e1553036480402-1024x745.jpg 1024w, https:\/\/diarioregionaldigital.com.br\/wp-content\/uploads\/2019\/03\/fotod-6-e1553036480402-360x262.jpg 360w\" sizes=\"auto, (max-width: 680px) 100vw, 680px\" \/><p id=\"caption-attachment-136225\" class=\"wp-caption-text\">Em tarde descontra\u00edda a nova gera\u00e7\u00e3o bonita com Lucas Almeida, Eliene Palhares, Fl\u00e1via Pedretti e Thiago Pessoa<\/p><\/div>\n<div id=\"attachment_136228\" style=\"width: 690px\" class=\"wp-caption aligncenter\"><img loading=\"lazy\" decoding=\"async\" aria-describedby=\"caption-attachment-136228\" class=\"wp-image-136228\" src=\"https:\/\/diarioregionaldigital.com.br\/wp-content\/uploads\/2019\/03\/fotog-5-e1553036521981.jpg\" alt=\"\" width=\"680\" height=\"579\" srcset=\"https:\/\/diarioregionaldigital.com.br\/wp-content\/uploads\/2019\/03\/fotog-5-e1553036521981.jpg 1174w, https:\/\/diarioregionaldigital.com.br\/wp-content\/uploads\/2019\/03\/fotog-5-e1553036521981-300x256.jpg 300w, https:\/\/diarioregionaldigital.com.br\/wp-content\/uploads\/2019\/03\/fotog-5-e1553036521981-768x654.jpg 768w, https:\/\/diarioregionaldigital.com.br\/wp-content\/uploads\/2019\/03\/fotog-5-e1553036521981-1024x872.jpg 1024w, https:\/\/diarioregionaldigital.com.br\/wp-content\/uploads\/2019\/03\/fotog-5-e1553036521981-360x307.jpg 360w\" sizes=\"auto, (max-width: 680px) 100vw, 680px\" \/><p id=\"caption-attachment-136228\" class=\"wp-caption-text\">O coiffeur Carlos Badico produziu, no Sal\u00e3o MS, a elegante Adriane Oscar<\/p><\/div>\n<div id=\"attachment_136226\" style=\"width: 690px\" class=\"wp-caption aligncenter\"><img loading=\"lazy\" decoding=\"async\" aria-describedby=\"caption-attachment-136226\" class=\"wp-image-136226\" src=\"https:\/\/diarioregionaldigital.com.br\/wp-content\/uploads\/2019\/03\/fotoe-6-e1553036498319.jpg\" alt=\"\" width=\"680\" height=\"525\" srcset=\"https:\/\/diarioregionaldigital.com.br\/wp-content\/uploads\/2019\/03\/fotoe-6-e1553036498319.jpg 1198w, https:\/\/diarioregionaldigital.com.br\/wp-content\/uploads\/2019\/03\/fotoe-6-e1553036498319-300x232.jpg 300w, https:\/\/diarioregionaldigital.com.br\/wp-content\/uploads\/2019\/03\/fotoe-6-e1553036498319-768x593.jpg 768w, https:\/\/diarioregionaldigital.com.br\/wp-content\/uploads\/2019\/03\/fotoe-6-e1553036498319-1024x791.jpg 1024w, https:\/\/diarioregionaldigital.com.br\/wp-content\/uploads\/2019\/03\/fotoe-6-e1553036498319-360x278.jpg 360w\" sizes=\"auto, (max-width: 680px) 100vw, 680px\" \/><p id=\"caption-attachment-136226\" class=\"wp-caption-text\">Despedindo do ver\u00e3o no Rio de Janeiro, a capotante Myrliane Le\u00e3o<\/p><\/div>\n<p style=\"text-align: center;\"><strong>FOTOSS\u00cdNTESE<\/strong><\/p>\n<p>O 3\u00ba Semin\u00e1rio Internacional anual em Educa\u00e7\u00e3o Matem\u00e1tica teve lan\u00e7amento do terceiro livro do professor William Jos\u00e9 da Cruz com o t\u00edtulo \u201cExperimentos Mentais na Educa\u00e7\u00e3o Matem\u00e1tica\u201d, realizado no Centro de Ci\u00eancias da UFJF.<\/p>\n<p>Prometendo novidades na \u00e1rea de sa\u00fade, a Santa Casa de Juiz de Fora e o Plasc v\u00e3o promover, em maio, o 1\u00ba Simp\u00f3sio Vida Saud\u00e1vel para discutir o efetivo cuidado multidisciplinar na sa\u00fade do idoso.<\/p>\n<p>Com reuni\u00f5es semanais no Sesc, o Novo Grupo de Amigas, coordenado por Regina Tostes, volta \u00e0s atividades e para 2019 j\u00e1 prepara novidades.<\/p>\n<p>Com 22 mosaicos em cer\u00e2mica todos remetendo \u00e0 pomba, um dos principais s\u00edmbolos do Cristianismo, est\u00e1 bel\u00edssima a exposi\u00e7\u00e3o do artista Marcos Ferrarezi em cena no CCBM. O tema in\u00e9dito eleva o nome \u201cO Esp\u00edrito Santo\u201d.<\/p>\n<p>Agendando para o dia 13 de abril no Estilo &amp; Charme Recep\u00e7\u00f5es a escolha da Miss Plus Size Juiz de Fora. A coordena\u00e7\u00e3o \u00e9 das digitais \u201dinfluencers\u201d Daniele Alves e Laisinha Machado.<\/p>\n<p>Realizado em Blumenau (SC), quatro cervejas foram premiadas na s\u00e9tima edi\u00e7\u00e3o do Festival Brasileiro de Cervejas. Ent\u00e3o palmas para Antu\u00e9rpia, Timboo, Golen e Profana.<\/p>\n<p>O rod\u00edzio de petiscos do Trade Hotel faz sucesso \u00e0s quintas-feiras com super happy-hour musical.<\/p>\n<p>Em clima de alto astral, ser\u00e1 realizado no dia 23 de mar\u00e7o, \u00e0s 9h da manh\u00e3, o Passeio Cicl\u00edstico do Hospital Unimed.<\/p>\n<p>Para alegrar tudo e a todos, o Independ\u00eancia Shopping est\u00e1 com temporada do Parque Patati-Patat\u00e1 \u2013 Circo Show.<\/p>\n<p>Para Visualizar: \u201cPara seu estoque de conhecimento \u00e9 bom lembrar que educa\u00e7\u00e3o continuada pressup\u00f5e a capacidade de dar vitalidade \u00e0s compet\u00eancias, \u00e0s habilidades, ao perfil das pessoas\u201d. (Mario Sergio Cortella). Bom dia.<\/p>\n<p><img loading=\"lazy\" decoding=\"async\" class=\"aligncenter size-full wp-image-135792\" src=\"https:\/\/diarioregionaldigital.com.br\/wp-content\/uploads\/2019\/03\/Fashion_6x15-nova.jpg\" alt=\"\" width=\"3484\" height=\"1772\" srcset=\"https:\/\/diarioregionaldigital.com.br\/wp-content\/uploads\/2019\/03\/Fashion_6x15-nova.jpg 3484w, https:\/\/diarioregionaldigital.com.br\/wp-content\/uploads\/2019\/03\/Fashion_6x15-nova-300x153.jpg 300w, https:\/\/diarioregionaldigital.com.br\/wp-content\/uploads\/2019\/03\/Fashion_6x15-nova-768x391.jpg 768w, https:\/\/diarioregionaldigital.com.br\/wp-content\/uploads\/2019\/03\/Fashion_6x15-nova-1024x521.jpg 1024w, https:\/\/diarioregionaldigital.com.br\/wp-content\/uploads\/2019\/03\/Fashion_6x15-nova-360x183.jpg 360w\" sizes=\"auto, (max-width: 3484px) 100vw, 3484px\" \/><\/p>\n","protected":false},"excerpt":{"rendered":"<p>Divulga\u00e7\u00e3o Antenadas e convictas de seu talento, duas egressas do curso de tecnologia em Design de Moda do CES\/JF tiveram seus artigos publicados na Revista Achiote, peri\u00f3dico de Gradua\u00e7\u00e3o e P\u00f3s-gradua\u00e7\u00e3o de Design de Moda e Estudos Culturais Contempor\u00e2neos da Universidade FUMEG. Orientadas pela professora Andrea Lomeu Portela, os textos p\u00fablicos foram: Alice em um [&hellip;]<\/p>\n","protected":false},"author":96,"featured_media":136220,"comment_status":"closed","ping_status":"closed","sticky":false,"template":"","format":"standard","meta":{"footnotes":""},"categories":[264],"tags":[],"class_list":["post-136247","post","type-post","status-publish","format-standard","has-post-thumbnail","hentry","category-eduardo-gomes"],"_links":{"self":[{"href":"https:\/\/diarioregionaldigital.com.br\/index.php?rest_route=\/wp\/v2\/posts\/136247","targetHints":{"allow":["GET"]}}],"collection":[{"href":"https:\/\/diarioregionaldigital.com.br\/index.php?rest_route=\/wp\/v2\/posts"}],"about":[{"href":"https:\/\/diarioregionaldigital.com.br\/index.php?rest_route=\/wp\/v2\/types\/post"}],"author":[{"embeddable":true,"href":"https:\/\/diarioregionaldigital.com.br\/index.php?rest_route=\/wp\/v2\/users\/96"}],"replies":[{"embeddable":true,"href":"https:\/\/diarioregionaldigital.com.br\/index.php?rest_route=%2Fwp%2Fv2%2Fcomments&post=136247"}],"version-history":[{"count":0,"href":"https:\/\/diarioregionaldigital.com.br\/index.php?rest_route=\/wp\/v2\/posts\/136247\/revisions"}],"wp:featuredmedia":[{"embeddable":true,"href":"https:\/\/diarioregionaldigital.com.br\/index.php?rest_route=\/wp\/v2\/media\/136220"}],"wp:attachment":[{"href":"https:\/\/diarioregionaldigital.com.br\/index.php?rest_route=%2Fwp%2Fv2%2Fmedia&parent=136247"}],"wp:term":[{"taxonomy":"category","embeddable":true,"href":"https:\/\/diarioregionaldigital.com.br\/index.php?rest_route=%2Fwp%2Fv2%2Fcategories&post=136247"},{"taxonomy":"post_tag","embeddable":true,"href":"https:\/\/diarioregionaldigital.com.br\/index.php?rest_route=%2Fwp%2Fv2%2Ftags&post=136247"}],"curies":[{"name":"wp","href":"https:\/\/api.w.org\/{rel}","templated":true}]}}