{"id":136242,"date":"2019-03-19T18:50:57","date_gmt":"2019-03-19T21:50:57","guid":{"rendered":"https:\/\/diarioregionaldigital.com.br\/?p=136242"},"modified":"2019-03-19T19:27:45","modified_gmt":"2019-03-19T22:27:45","slug":"settra-realiza-alteracoes-no-transito-para-o-jogo-tupynambas-x-atletico","status":"publish","type":"post","link":"https:\/\/diarioregionaldigital.com.br\/?p=136242","title":{"rendered":"Settra realiza altera\u00e7\u00f5es no tr\u00e2nsito para o jogo Tupynamb\u00e1s x Atl\u00e9tico"},"content":{"rendered":"<p>Nesta quarta-feira, 20,o\u00a0Tupynamb\u00e1s enfrentar\u00e1 o Atl\u00e9tico, pelo Campeonato Mineiro, \u00e0s 21h30, no Est\u00e1dio Municipal \u201cRadialista M\u00e1rio Hel\u00eanio\u201d. Para atender os torcedores, a Secretaria de Transporte e Tr\u00e2nsito (Settra) da Prefeitura de Juiz de Fora (PJF) colocar\u00e1 em circula\u00e7\u00e3o a linha 517 \u2013 Est\u00e1dio. O valor da tarifa cobrada ser\u00e1 de R$ 3,35. Tamb\u00e9m haver\u00e1 altera\u00e7\u00e3o no tr\u00e2nsito da regi\u00e3o.A abertura do est\u00e1dio acontecer\u00e1 \u00e0s 19h30, quando come\u00e7ar\u00e1 a venda de ingressos.<\/p>\n<p>&nbsp;<\/p>\n<p><strong>Esquema especial no tr\u00e2nsito<\/strong><\/p>\n<p>A partir das 19h30 ser\u00e1 implantada m\u00e3o \u00fanica na Avenida Eug\u00eanio do Nascimento, entre Avenida Engenheiro Waldir Pedro Monachesi e Rua Jos\u00e9 Apol\u00f4nio dos Reis, neste sentido. E tamb\u00e9m na Rua Jos\u00e9 Apol\u00f4nio dos Reis, entre Rua Liduino Vieira dos Reis e Avenida Eug\u00eanio do Nascimento, neste sentido.<\/p>\n<p>Pista exclusiva para \u00f4nibus urbano, t\u00e1xi e autoridades na Avenida Eug\u00eanio do Nascimento, entre Avenida Engenheiro Waldir Pedro Monachesi (Servi\u00e7o Social da Ind\u00fastria &#8211; Sesi) e Rua Jos\u00e9 Apol\u00f4nio dos Reis.<\/p>\n<p>Proibi\u00e7\u00e3o de estacionamento: de um lado da Avenida Eug\u00eanio do Nascimento, entre Avenida Prefeito Mello Reis e Rua \u00c1lvaro Jos\u00e9 Rodrigues; de um lado da Rua Jos\u00e9 Apol\u00f4nio dos Reis, entre as ruas Liduino Vieira dos Reis e \u00c1lvaro Jos\u00e9 Rodrigues; de um lado da Avenida Eug\u00eanio do Nascimento, entre as ruas Francisco Fayer Sobrinho e Guilherme de Almeida.<\/p>\n<p>Ve\u00edculos particulares provenientes da Avenida Eug\u00eanio do Nascimento ser\u00e3o desviados para Avenida Engenheiro Waldir Pedro Monachesi, no acesso ao estacionamento do port\u00e3o principal do est\u00e1dio.<\/p>\n<p>Ao t\u00e9rmino do jogo, a Rua Jos\u00e9 Apol\u00f4nio dos Reis dever\u00e1 ser fechada, sendo os ve\u00edculos provenientes do estacionamento do est\u00e1dio desviados para as ruas Jos\u00e9 Apol\u00f4nio dos Reis e \u00c1lvaro Jos\u00e9 Rodrigues. Ao t\u00e9rmino do jogo, o acesso da Avenida Presidente Itamar Franco para a Avenida Eug\u00eanio do Nascimento ficar\u00e1 exclusivo para \u00f4nibus urbano, t\u00e1xi e autoridades, devendo os ve\u00edculos particulares serem desviados para o Campus da Universidade Federal de Juiz de Fora (UFJF).<\/p>\n<p>A Avenida Eug\u00eanio do Nascimento, entre a Avenida Engenheiro Waldir Pedro Monachesi e Rua Francisco Fayer Sobrinho ficar\u00e1 reservada para o estacionamento dos \u00f4nibus dos torcedores da torcida visitante. A Rua Liduino Vieira dos Reis ficar\u00e1 destinada \u00e0 parada de t\u00e1xi. O sem\u00e1foro da Avenida Presidente Itamar Franco \u2013 P\u00f3rtico Sul ficar\u00e1 ligado no modo intermitente. Ficar\u00e3o proibidas as convers\u00f5es \u00e0 esquerda dos ve\u00edculos provenientes da Avenida Presidente Itamar Franco em dire\u00e7\u00e3o \u00e0 Rua Vicente Beguelli, e a dos carros vindos da Avenida Eug\u00eanio do Nascimento em dire\u00e7\u00e3o \u00e0 UFJF, exceto transporte coletivo. A torcida do Tupynamb\u00e1s entrar\u00e1 pelo port\u00e3o 1 e a do Atl\u00e9tico pelo 3. A sa\u00edda ser\u00e1 pelos port\u00f5es 1, 2 e 3.<\/p>\n<div id=\"attachment_136243\" style=\"width: 507px\" class=\"wp-caption aligncenter\"><img loading=\"lazy\" decoding=\"async\" aria-describedby=\"caption-attachment-136243\" class=\" wp-image-136243\" src=\"https:\/\/diarioregionaldigital.com.br\/wp-content\/uploads\/2019\/03\/02-Foto-Felipe-Siqueira-300x200.jpg\" alt=\"\" width=\"497\" height=\"331\" srcset=\"https:\/\/diarioregionaldigital.com.br\/wp-content\/uploads\/2019\/03\/02-Foto-Felipe-Siqueira-300x200.jpg 300w, https:\/\/diarioregionaldigital.com.br\/wp-content\/uploads\/2019\/03\/02-Foto-Felipe-Siqueira-768x512.jpg 768w, https:\/\/diarioregionaldigital.com.br\/wp-content\/uploads\/2019\/03\/02-Foto-Felipe-Siqueira-1024x682.jpg 1024w, https:\/\/diarioregionaldigital.com.br\/wp-content\/uploads\/2019\/03\/02-Foto-Felipe-Siqueira-360x240.jpg 360w\" sizes=\"auto, (max-width: 497px) 100vw, 497px\" \/><p id=\"caption-attachment-136243\" class=\"wp-caption-text\">A abertura do est\u00e1dio acontecer\u00e1 \u00e0s 19h30, quando come\u00e7ar\u00e1 a venda de ingressos. Foto: Felipe Siqueira<\/p><\/div>\n<p><strong>Transporte Coletivo &#8211; Torcida do Tupynamb\u00e1s:<\/strong><\/p>\n<p>Centro\/est\u00e1dio: avenidas Presidente Itamar Franco (em frente \u00e0 Ag\u00eancia de Prote\u00e7\u00e3o e Defesa do Consumidor &#8211; Procon), Doutor Paulo Japiassu Coelho, Deusdedith Salgado, Prefeito Mello Reis e Eug\u00eanio do Nascimento, esquina com a Rua Jos\u00e9 Apol\u00f4nio dos Reis (primeira rotat\u00f3ria &#8211; Clube dos Banc\u00e1rios).<\/p>\n<p>Est\u00e1dio\/Centro: avenidas Eug\u00eanio do Nascimento, esquina com Rua Jos\u00e9 Apol\u00f4nio dos Reis (primeira rotat\u00f3ria &#8211; Clube dos Banc\u00e1rios), Prefeito Mello Reis, Deusdedith Salgado, Doutor Paulo Japiassu Coelho, Presidente Itamar Franco e Brasil (margem direita), Ponte Nelson Silva, Avenida Brasil (margem esquerda), Ponte Ant\u00f4nio Carlos, e Avenida Presidente Itamar Franco (em frente ao Procon).<\/p>\n<p>&nbsp;<\/p>\n<p><strong>Torcida do Atl\u00e9tico:<\/strong><\/p>\n<p>Centro\/est\u00e1dio: ruas Benjamin Constant, 790 (em frente ao Museu de Arte \u201cMurilo Mendes\u201d &#8211; Mamm), Santo Ant\u00f4nio, Bar\u00e3o de Cataguases, Doutor Jo\u00e3o Pinheiro, Engenheiro Gentil Forn e Jos\u00e9 Louren\u00e7o Kelmer, Avenida Presidente Costa e Silva, via local &#8211; anel vi\u00e1rio da UFJF, avenidas Eug\u00eanio do Nascimento e Engenheiro Waldir Pedro Monachesi, 34 (perpendicular ao Sesi Minas).<\/p>\n<p>Est\u00e1dio\/Centro: avenidas Engenheiro Waldir Pedro Monachesi, 34 (perpendicular ao Sesi Minas) e Eug\u00eanio do Nascimento, via local &#8211; anel vi\u00e1rio da UFJF, Avenida Presidente Costa e Silva, ruas Jos\u00e9 Louren\u00e7o Kelmer, Engenheiro Gentil Forn, Doutor Jo\u00e3o Pinheiro e Paula Lima, Avenida dos Andradas e Rua Benjamin Constant, 790 (em frente ao Mamm).<\/p>\n<p>&nbsp;<\/p>\n<p><strong>Hor\u00e1rios<\/strong><\/p>\n<p>Tupynamb\u00e1s, sa\u00eddas do Centro: 19 horas, 19h10, 19h20, 19h30, 19h40, 19h50, 20 horas, 20h10, 20h20, 20h30, 20h40, 20h50, 21 horas e 21h10. Sa\u00eddas do est\u00e1dio: 19h30, 19h40, 19h50, 20 horas, 20h10, 20h20, 20h30, 20h40.<\/p>\n<p>Atl\u00e9tico, sa\u00eddas do Centro: 19 horas, 19h15, 19h30, 19h45, 20 horas, 20h15, 20h30, 20h45, 21 horas e 21h15. Sa\u00eddas do est\u00e1dio: 19h30, 19h45, 20 horas, 20h15, 20h30, 20h45.<\/p>\n<p>&nbsp;<\/p>\n<p><strong>Linhas alternativas<\/strong><\/p>\n<p>515\u2013Dom Orione, 537\u2013Jardim da Serra e 539\u2013Santos Dumont poder\u00e3o ser utilizadas como alternativas para chegar ao est\u00e1dio. Hor\u00e1rios e itiner\u00e1rios podem ser conferidos no \u201cPortal da PJF\u201d: pjf.mg.gov.br\/\u00f4nibus. Neste mesmo endere\u00e7o eletr\u00f4nico, ou pelo aplicativo \u201cCittaMobi\u201d, os passageiros t\u00eam ainda possibilidade de acompanhar a viagem em tempo real.<\/p>\n<p>Fonte: Assessoria<\/p>\n","protected":false},"excerpt":{"rendered":"<p>Nesta quarta-feira, 20,o\u00a0Tupynamb\u00e1s enfrentar\u00e1 o Atl\u00e9tico, pelo Campeonato Mineiro, \u00e0s 21h30, no Est\u00e1dio Municipal \u201cRadialista M\u00e1rio Hel\u00eanio\u201d. Para atender os torcedores, a Secretaria de Transporte e Tr\u00e2nsito (Settra) da Prefeitura de Juiz de Fora (PJF) colocar\u00e1 em circula\u00e7\u00e3o a linha 517 \u2013 Est\u00e1dio. O valor da tarifa cobrada ser\u00e1 de R$ 3,35. Tamb\u00e9m haver\u00e1 altera\u00e7\u00e3o [&hellip;]<\/p>\n","protected":false},"author":96,"featured_media":136244,"comment_status":"closed","ping_status":"closed","sticky":false,"template":"","format":"standard","meta":{"footnotes":""},"categories":[253,436,440,439],"tags":[],"class_list":["post-136242","post","type-post","status-publish","format-standard","has-post-thumbnail","hentry","category-cidade","category-destaque-da-semana","category-destaques-do-dia","category-ultima-hora"],"_links":{"self":[{"href":"https:\/\/diarioregionaldigital.com.br\/index.php?rest_route=\/wp\/v2\/posts\/136242","targetHints":{"allow":["GET"]}}],"collection":[{"href":"https:\/\/diarioregionaldigital.com.br\/index.php?rest_route=\/wp\/v2\/posts"}],"about":[{"href":"https:\/\/diarioregionaldigital.com.br\/index.php?rest_route=\/wp\/v2\/types\/post"}],"author":[{"embeddable":true,"href":"https:\/\/diarioregionaldigital.com.br\/index.php?rest_route=\/wp\/v2\/users\/96"}],"replies":[{"embeddable":true,"href":"https:\/\/diarioregionaldigital.com.br\/index.php?rest_route=%2Fwp%2Fv2%2Fcomments&post=136242"}],"version-history":[{"count":0,"href":"https:\/\/diarioregionaldigital.com.br\/index.php?rest_route=\/wp\/v2\/posts\/136242\/revisions"}],"wp:featuredmedia":[{"embeddable":true,"href":"https:\/\/diarioregionaldigital.com.br\/index.php?rest_route=\/wp\/v2\/media\/136244"}],"wp:attachment":[{"href":"https:\/\/diarioregionaldigital.com.br\/index.php?rest_route=%2Fwp%2Fv2%2Fmedia&parent=136242"}],"wp:term":[{"taxonomy":"category","embeddable":true,"href":"https:\/\/diarioregionaldigital.com.br\/index.php?rest_route=%2Fwp%2Fv2%2Fcategories&post=136242"},{"taxonomy":"post_tag","embeddable":true,"href":"https:\/\/diarioregionaldigital.com.br\/index.php?rest_route=%2Fwp%2Fv2%2Ftags&post=136242"}],"curies":[{"name":"wp","href":"https:\/\/api.w.org\/{rel}","templated":true}]}}