{"id":136238,"date":"2019-03-19T18:58:17","date_gmt":"2019-03-19T21:58:17","guid":{"rendered":"https:\/\/diarioregionaldigital.com.br\/?p=136238"},"modified":"2019-03-19T18:58:17","modified_gmt":"2019-03-19T21:58:17","slug":"ex-namorado-e-preso-por-descumprir-medida-protetiva-em-juiz-de-fora","status":"publish","type":"post","link":"https:\/\/diarioregionaldigital.com.br\/?p=136238","title":{"rendered":"Ex-namorado \u00e9 preso por descumprir medida protetiva em Juiz de Fora"},"content":{"rendered":"<p>Um homem, 34 anos, teve a pris\u00e3o preventiva decretada por descumprimento de medida protetiva em Juiz de Fora. Ele \u00e9 suspeito de ter agredido e amea\u00e7ado a ex-namorada, 32 anos.<\/p>\n<p>A informa\u00e7\u00e3o foi confirmada pela Pol\u00edcia Civil (PC) nessa ter\u00e7a-feira, 19. O mandado de pris\u00e3o foi expedido pela Justi\u00e7a, a pedido da Delegada Ione Moreira Barbosa, que atua na Delegacia Especializada de Atendimento \u00e0 Mulher (Deam).<\/p>\n<p>Segundo a delegada, em julho do ano passado, a PC instaurou o inqu\u00e9rito policial para apurar a den\u00fancia de agress\u00e3o. A v\u00edtima procurou a pol\u00edcia relatando que havia sido agredida pelo ex-companheiro por ele n\u00e3o aceitar o fim do relacionamento. Na ocasi\u00e3o, houve um pedido de medida protetiva. \u201cEm janeiro de 2019 ele voltou a agredir a mulher\u201d, explicou a delegada. Por este motivo foi requerida a pris\u00e3o preventiva.<\/p>\n<p>O inqu\u00e9rito ser\u00e1 conclu\u00eddo nesta quarta-feira, 20. Ele ser\u00e1 indiciado por les\u00e3o corporal e amea\u00e7a. O homem foi encaminhado ao Centro de Remanejamento do Sistema Prisional (Ceresp) em Juiz de Fora, onde segue \u00e0 disposi\u00e7\u00e3o da Justi\u00e7a.<\/p>\n<p>&nbsp;<\/p>\n","protected":false},"excerpt":{"rendered":"<p>Um homem, 34 anos, teve a pris\u00e3o preventiva decretada por descumprimento de medida protetiva em Juiz de Fora. Ele \u00e9 suspeito de ter agredido e amea\u00e7ado a ex-namorada, 32 anos. A informa\u00e7\u00e3o foi confirmada pela Pol\u00edcia Civil (PC) nessa ter\u00e7a-feira, 19. O mandado de pris\u00e3o foi expedido pela Justi\u00e7a, a pedido da Delegada Ione Moreira [&hellip;]<\/p>\n","protected":false},"author":96,"featured_media":136240,"comment_status":"closed","ping_status":"closed","sticky":false,"template":"","format":"standard","meta":{"footnotes":""},"categories":[253,436,440,439],"tags":[],"class_list":["post-136238","post","type-post","status-publish","format-standard","has-post-thumbnail","hentry","category-cidade","category-destaque-da-semana","category-destaques-do-dia","category-ultima-hora"],"_links":{"self":[{"href":"https:\/\/diarioregionaldigital.com.br\/index.php?rest_route=\/wp\/v2\/posts\/136238","targetHints":{"allow":["GET"]}}],"collection":[{"href":"https:\/\/diarioregionaldigital.com.br\/index.php?rest_route=\/wp\/v2\/posts"}],"about":[{"href":"https:\/\/diarioregionaldigital.com.br\/index.php?rest_route=\/wp\/v2\/types\/post"}],"author":[{"embeddable":true,"href":"https:\/\/diarioregionaldigital.com.br\/index.php?rest_route=\/wp\/v2\/users\/96"}],"replies":[{"embeddable":true,"href":"https:\/\/diarioregionaldigital.com.br\/index.php?rest_route=%2Fwp%2Fv2%2Fcomments&post=136238"}],"version-history":[{"count":0,"href":"https:\/\/diarioregionaldigital.com.br\/index.php?rest_route=\/wp\/v2\/posts\/136238\/revisions"}],"wp:featuredmedia":[{"embeddable":true,"href":"https:\/\/diarioregionaldigital.com.br\/index.php?rest_route=\/wp\/v2\/media\/136240"}],"wp:attachment":[{"href":"https:\/\/diarioregionaldigital.com.br\/index.php?rest_route=%2Fwp%2Fv2%2Fmedia&parent=136238"}],"wp:term":[{"taxonomy":"category","embeddable":true,"href":"https:\/\/diarioregionaldigital.com.br\/index.php?rest_route=%2Fwp%2Fv2%2Fcategories&post=136238"},{"taxonomy":"post_tag","embeddable":true,"href":"https:\/\/diarioregionaldigital.com.br\/index.php?rest_route=%2Fwp%2Fv2%2Ftags&post=136238"}],"curies":[{"name":"wp","href":"https:\/\/api.w.org\/{rel}","templated":true}]}}