{"id":136236,"date":"2019-03-19T18:45:56","date_gmt":"2019-03-19T21:45:56","guid":{"rendered":"https:\/\/diarioregionaldigital.com.br\/?p=136236"},"modified":"2019-03-19T19:01:17","modified_gmt":"2019-03-19T22:01:17","slug":"acidente-na-br-040-deixa-4-mortos-e-uma-pessoa-ferida","status":"publish","type":"post","link":"https:\/\/diarioregionaldigital.com.br\/?p=136236","title":{"rendered":"Acidente na BR-040 deixa 4 mortos e uma pessoa ferida"},"content":{"rendered":"<p>Quatro pessoas morreram e uma ficou gravemente ferida ap\u00f3s um acidente nessa ter\u00e7a-feira, 19, no\u00a0km 759 da BR-040, em Ewbank da C\u00e2mara, no sentido Belo Horizonte.<\/p>\n<p>O acidente aconteceu pr\u00f3ximo \u00e0 estrada para Paula Lima e Chap\u00e9u D\u2019Uvas. Conforme informa\u00e7\u00f5es da Via 040, concession\u00e1ria que administra o trecho, ocorreu uma colis\u00e3o frontal entre um carro e um caminh\u00e3o.A v\u00edtima que ficou ferida foi socorrida por uma equipe do Servi\u00e7o de Atendimento M\u00f3vel de Urg\u00eancia (Samu) e encaminhada ao HPS.<\/p>\n<p>Atuaram na ocorr\u00eancia a Via 040, a Pol\u00edcia Rodovi\u00e1ria Federal (PRF) e o Corpo de Bombeiros. At\u00e9 o final da tarde dessa ter\u00e7a-feira, havia reten\u00e7\u00e3o nos dois sentidos da pista para a retirada dos ve\u00edculos.<\/p>\n<p>At\u00e9 o fechamento desta mat\u00e9ria n\u00e3o havia informa\u00e7\u00f5es sobre a identidade das v\u00edtimas e nem informa\u00e7\u00f5es sobre o estado de sa\u00fade da v\u00edtima ferida.<\/p>\n","protected":false},"excerpt":{"rendered":"<p>Quatro pessoas morreram e uma ficou gravemente ferida ap\u00f3s um acidente nessa ter\u00e7a-feira, 19, no\u00a0km 759 da BR-040, em Ewbank da C\u00e2mara, no sentido Belo Horizonte. O acidente aconteceu pr\u00f3ximo \u00e0 estrada para Paula Lima e Chap\u00e9u D\u2019Uvas. Conforme informa\u00e7\u00f5es da Via 040, concession\u00e1ria que administra o trecho, ocorreu uma colis\u00e3o frontal entre um carro [&hellip;]<\/p>\n","protected":false},"author":96,"featured_media":95105,"comment_status":"closed","ping_status":"closed","sticky":false,"template":"","format":"standard","meta":{"footnotes":""},"categories":[436,440,252,439],"tags":[],"class_list":["post-136236","post","type-post","status-publish","format-standard","has-post-thumbnail","hentry","category-destaque-da-semana","category-destaques-do-dia","category-regiao","category-ultima-hora"],"_links":{"self":[{"href":"https:\/\/diarioregionaldigital.com.br\/index.php?rest_route=\/wp\/v2\/posts\/136236","targetHints":{"allow":["GET"]}}],"collection":[{"href":"https:\/\/diarioregionaldigital.com.br\/index.php?rest_route=\/wp\/v2\/posts"}],"about":[{"href":"https:\/\/diarioregionaldigital.com.br\/index.php?rest_route=\/wp\/v2\/types\/post"}],"author":[{"embeddable":true,"href":"https:\/\/diarioregionaldigital.com.br\/index.php?rest_route=\/wp\/v2\/users\/96"}],"replies":[{"embeddable":true,"href":"https:\/\/diarioregionaldigital.com.br\/index.php?rest_route=%2Fwp%2Fv2%2Fcomments&post=136236"}],"version-history":[{"count":0,"href":"https:\/\/diarioregionaldigital.com.br\/index.php?rest_route=\/wp\/v2\/posts\/136236\/revisions"}],"wp:featuredmedia":[{"embeddable":true,"href":"https:\/\/diarioregionaldigital.com.br\/index.php?rest_route=\/wp\/v2\/media\/95105"}],"wp:attachment":[{"href":"https:\/\/diarioregionaldigital.com.br\/index.php?rest_route=%2Fwp%2Fv2%2Fmedia&parent=136236"}],"wp:term":[{"taxonomy":"category","embeddable":true,"href":"https:\/\/diarioregionaldigital.com.br\/index.php?rest_route=%2Fwp%2Fv2%2Fcategories&post=136236"},{"taxonomy":"post_tag","embeddable":true,"href":"https:\/\/diarioregionaldigital.com.br\/index.php?rest_route=%2Fwp%2Fv2%2Ftags&post=136236"}],"curies":[{"name":"wp","href":"https:\/\/api.w.org\/{rel}","templated":true}]}}