{"id":136231,"date":"2019-03-19T18:54:07","date_gmt":"2019-03-19T21:54:07","guid":{"rendered":"https:\/\/diarioregionaldigital.com.br\/?p=136231"},"modified":"2019-03-19T18:54:07","modified_gmt":"2019-03-19T21:54:07","slug":"dia-da-agua-e-dia-mundial-florestal-sao-comemorados-em-juiz-de-fora-com-programacao-especial","status":"publish","type":"post","link":"https:\/\/diarioregionaldigital.com.br\/?p=136231","title":{"rendered":"\u201cDia da \u00c1gua\u201d e \u201cDia Mundial Florestal\u201d s\u00e3o comemorados em Juiz de Fora com programa\u00e7\u00e3o especial"},"content":{"rendered":"<p>Nos pr\u00f3ximos dias 21 e 22 de mar\u00e7o, respectivamente, comemora-se os dias \u201cMundial Florestal&#8221; e \u201cMundial da \u00c1gua&#8221;. Para celebrar as datas, a Prefeitura de Juiz de Fora (PJF), atrav\u00e9s da Secretaria de Meio Ambiente (SMA), e o Instituto Estadual de Florestas (IEF) elaboraram uma programa\u00e7\u00e3o especial para a cidade.<\/p>\n<p>A iniciativa, com a\u00e7\u00f5es realizadas em diferentes locais do munic\u00edpio entre quarta-feira, 20, e domingo, 24,tem a parceria da Guarda Municipal (GM) da Seguran\u00e7a Urbana e Cidadania (Sesuc), da Secretaria de Sa\u00fade (SS), do Corpo de Bombeiros Militar, da Pol\u00edcia Militar de Meio Ambiente, do Servi\u00e7o Social do Com\u00e9rcio (Sesc), da Mr. Fly e da Lanchonete Parada no Parque.<\/p>\n<p>A PJF alerta que a programa\u00e7\u00e3o poder\u00e1 sofrer altera\u00e7\u00f5es devido a varia\u00e7\u00f5es clim\u00e1ticas. O Parque da Lajinha, um dos palcos das atividades que v\u00e3o ser realizadas, est\u00e1 localizado na Avenida Deusdedith Salgado, no Bairro Teixeiras.<\/p>\n<p>&nbsp;<\/p>\n<p><strong>PROGRAMA\u00c7\u00c3O<\/strong><\/p>\n<p><strong>20\/03<\/strong> \u2013 \u00c0s 14h desta quarta-feira, haver\u00e1apresenta\u00e7\u00e3o de teatro de bonecos com a \u201cTurma do Foguinho\u201d do Corpo de Bombeiros Militar no Parque da Lajinha. Al\u00e9m disso, ser\u00e1 realizada uma edi\u00e7\u00e3o do projeto \u201cVisitas Guiadas\u201d, promovida pelo Departamento de Educa\u00e7\u00e3o Ambiental e Prote\u00e7\u00e3o dos Recursos Naturais (Deapren) da SMA, para os atendidos pelo Caps Inf\u00e2ncia e Juventude (IJ).<\/p>\n<p><strong>21\/03<\/strong> \u2013 Na quinta-feira, de 9h \u00e0s 16 horas, acontecer\u00e1 o \u201cDia Verde\u201d dentro do projeto Bem Comum Bairros, no Curumim Santa Luzia. Para a realiza\u00e7\u00e3o da a\u00e7\u00e3o, a Secretaria de Meio Ambiente montara um estande com objetivo de prestar informa\u00e7\u00f5es relativas \u00e0 pasta, al\u00e9m de promover a distribui\u00e7\u00e3o de mudas ornamentais, doar 100 cartilhas para colorir para as crian\u00e7as, com informa\u00e7\u00f5es sobre o Rio Paraibuna e realizar um plantio de esp\u00e9cies nativas da mata atl\u00e2ntica no local. O intuito \u00e9 incentivar a reflex\u00e3o, conserva\u00e7\u00e3o e a preserva\u00e7\u00e3o do meio ambiente, a necessidade do plantio de \u00e1rvores. As mudas ornamentais distribu\u00eddas foram doadas pela Empresa Municipal de Pavimenta\u00e7\u00e3o (Empav), que tamb\u00e9m auxiliar\u00e1 no plantio durante a a\u00e7\u00e3o.<\/p>\n<p><strong>22\/03<\/strong> \u2013 Logo no in\u00edcio da manh\u00e3 de sexta-feira, \u00e0s 7h30, ser\u00e1 realizada uma caminhada no Parque da Lajinha, denominada &#8220;P\u00e9 na Trilha do AdelophyneMeridionales\u201d (esp\u00e9cie de sapo encontrada somente no Parque). A caminha contar\u00e1 ser\u00e1 com funcion\u00e1rios da Prefeitura, do IEF, do Corpo de Bombeiros, da Pol\u00edcia Militar de Meio Ambiente e do Ex\u00e9rcito.<\/p>\n<p><strong>23\/03<\/strong> \u2013 No s\u00e1bado, de 8h30 \u00e0s 12 horas, acontecer\u00e1 a segunda edi\u00e7\u00e3o do evento \u201cDivers\u00e3o no Parque\u201d. A programa\u00e7\u00e3o inclui pula-pula para as crian\u00e7as, slackline (com a modalidade longline), teatro de fantoches com \u201cDeng\u00e3o e sua Turma no Combate ao Mosquito da Dengue\u201d, da Secretaria de Sa\u00fade (SS), e atividade de rolamento e relaxamento. Haver\u00e1, ainda, estandes da Pol\u00edcia Militar de Meio Ambiente, Corpo de Bombeiros Militar e do Centro de Triagem de Animais Silvestres (Cetas). Durante a a\u00e7\u00e3o, o Sesc promover\u00e1 alongamento e ioga, e posteriormente, conta\u00e7\u00e3o de hist\u00f3rias.<\/p>\n<p><strong>24\/03<\/strong> \u2013 No domingo, \u00e0s 9 horas, a programa\u00e7\u00e3o chega ao fim com uma aula de ioga e medita\u00e7\u00e3o no Parque da Lajinha.<\/p>\n<p>Durante todos os dias das a\u00e7\u00f5es, est\u00e1 dispon\u00edvel no Parque da Lajinha a mostra de fotografias com o tema \u201cRecursos H\u00eddricos\u201d.<\/p>\n","protected":false},"excerpt":{"rendered":"<p>Nos pr\u00f3ximos dias 21 e 22 de mar\u00e7o, respectivamente, comemora-se os dias \u201cMundial Florestal&#8221; e \u201cMundial da \u00c1gua&#8221;. Para celebrar as datas, a Prefeitura de Juiz de Fora (PJF), atrav\u00e9s da Secretaria de Meio Ambiente (SMA), e o Instituto Estadual de Florestas (IEF) elaboraram uma programa\u00e7\u00e3o especial para a cidade. A iniciativa, com a\u00e7\u00f5es realizadas [&hellip;]<\/p>\n","protected":false},"author":96,"featured_media":136233,"comment_status":"closed","ping_status":"closed","sticky":false,"template":"","format":"standard","meta":{"footnotes":""},"categories":[253,436,440,439],"tags":[],"class_list":["post-136231","post","type-post","status-publish","format-standard","has-post-thumbnail","hentry","category-cidade","category-destaque-da-semana","category-destaques-do-dia","category-ultima-hora"],"_links":{"self":[{"href":"https:\/\/diarioregionaldigital.com.br\/index.php?rest_route=\/wp\/v2\/posts\/136231","targetHints":{"allow":["GET"]}}],"collection":[{"href":"https:\/\/diarioregionaldigital.com.br\/index.php?rest_route=\/wp\/v2\/posts"}],"about":[{"href":"https:\/\/diarioregionaldigital.com.br\/index.php?rest_route=\/wp\/v2\/types\/post"}],"author":[{"embeddable":true,"href":"https:\/\/diarioregionaldigital.com.br\/index.php?rest_route=\/wp\/v2\/users\/96"}],"replies":[{"embeddable":true,"href":"https:\/\/diarioregionaldigital.com.br\/index.php?rest_route=%2Fwp%2Fv2%2Fcomments&post=136231"}],"version-history":[{"count":0,"href":"https:\/\/diarioregionaldigital.com.br\/index.php?rest_route=\/wp\/v2\/posts\/136231\/revisions"}],"wp:featuredmedia":[{"embeddable":true,"href":"https:\/\/diarioregionaldigital.com.br\/index.php?rest_route=\/wp\/v2\/media\/136233"}],"wp:attachment":[{"href":"https:\/\/diarioregionaldigital.com.br\/index.php?rest_route=%2Fwp%2Fv2%2Fmedia&parent=136231"}],"wp:term":[{"taxonomy":"category","embeddable":true,"href":"https:\/\/diarioregionaldigital.com.br\/index.php?rest_route=%2Fwp%2Fv2%2Fcategories&post=136231"},{"taxonomy":"post_tag","embeddable":true,"href":"https:\/\/diarioregionaldigital.com.br\/index.php?rest_route=%2Fwp%2Fv2%2Ftags&post=136231"}],"curies":[{"name":"wp","href":"https:\/\/api.w.org\/{rel}","templated":true}]}}