{"id":136212,"date":"2019-03-19T15:26:46","date_gmt":"2019-03-19T18:26:46","guid":{"rendered":"https:\/\/diarioregionaldigital.com.br\/?p=136212"},"modified":"2019-03-19T15:26:46","modified_gmt":"2019-03-19T18:26:46","slug":"alunos-reclassificados-do-pism-e-do-sisu-realizam-matricula-presencial","status":"publish","type":"post","link":"https:\/\/diarioregionaldigital.com.br\/?p=136212","title":{"rendered":"Alunos reclassificados do Pism e do Sisu realizam matr\u00edcula presencial"},"content":{"rendered":"<p>Quem n\u00e3o passou at\u00e9 a segunda reclassifica\u00e7\u00e3o do Programa de Ingresso Seletivo Misto (Pism) e do\u00a0Sistema de Sele\u00e7\u00e3o Unificada (Sisu)\u00a0teve mais uma chance \u00a0para ingressar na Universidade Federal de Juiz de Juiz de Fora (UFJF). Nesta ter\u00e7a-feira, dia 19, os novos universit\u00e1rios entregaram os documentos para matr\u00edcula no anfiteatro do Instituto de Ci\u00eancias Humanas (ICH) e j\u00e1 come\u00e7am a participar das aulas dos mais variados cursos. Na quarta, dia 20, outros ingressantes tamb\u00e9m efetuar\u00e3o matr\u00edcula<\/p>\n<p>Fernando Fagundes, 57 anos \u00e9 formado em Letras, mas decidiu fazer mais uma gradua\u00e7\u00e3o, desta vez, Geografia. \u201cEu estou pr\u00f3ximo de me aposentar e achei interessante ter um outro curso superior.\u201d A volta aos estudos tamb\u00e9m aconteceu com William da Silva, 60, que se matriculou em Filosofia por um motivo simples. \u201cEu amo filosofia e tenho vontade de estudar, sempre quis fazer faculdade para fechar o ciclo.\u201d<\/p>\n<p>Ana Paula dos Santos, 18, veio cursar pPicologia na UFJF com muitas refer\u00eancias. \u201cEu sou de uma cidade pequena e l\u00e1 todo mundo adora essa universidade, tem muitas pessoas de S\u00e3o Vicente (MG) que estudam aqui. Desde o nono ano eu j\u00e1 pensava em fazer o Pism, passei pelos tr\u00eas m\u00f3dulos e fui selecionada agora. Eu fiquei muito feliz porque era o que eu queria\u201d. A estudante \u00a0n\u00e3o \u00e9 a \u00fanica que vibra com o ingresso na UFJF. Igor de Oliveira, 24, j\u00e1 cursou um per\u00edodo de Odontologia em outra universidade, mas agora foi selecionado pelo Sisu para fazer o curso na UFJF. \u201c \u00c9 uma boa universidade, minha irm\u00e3 j\u00e1 cursou Odontologia aqui e tenho boas refer\u00eancias.\u201d<\/p>\n<p>A expectativa pela conquista n\u00e3o \u00e9 restrita aos novos alunos da Universidade. Ansiosos, os pais de Pedro Gabriel Gouvea, esperavam o filho para comemorar. Para a m\u00e3e, Rozil\u00e9ia Cristina Gouvea, entrar na universidade foi mais f\u00e1cil do que ela esperava. \u201cEle saiu do terceiro ano e passou para Estat\u00edstica sem fazer cursinho, ele \u00e9 muito inteligente.\u201d O pai, Rubens Esteves Reis, cursou Farm\u00e1cia na UFJF e comemora a conquista do filho. \u201cEu acho que ele est\u00e1 muito bem encaminhado, pelo que a UFJF representa. \u00c9 uma das universidades mais conceituadas do Brasil e eu estou muito satisfeito de ele ter entrado.\u201d<\/p>\n<p><b>Reclassifica\u00e7\u00f5es<\/b><\/p>\n<p>Nesta quarta-feira, dia 20, ser\u00e1 divulgado mais um edital de reclassifica\u00e7\u00e3o e outro de antecipa\u00e7\u00e3o de matr\u00edcula. A pr\u00e9-matr\u00edcula on-line deste quarto edital de reclassifica\u00e7\u00e3o acontecer\u00e1\u00a0 do dia 20 at\u00e9 o dia 22, e a matr\u00edcula presencial est\u00e1 prevista para os dias 26 e 27, podendo sofrer altera\u00e7\u00f5es. Os candidatos devem ficar atentos \u00e0s datas e aos documentos que devem ser apresentados.<\/p>\n<p>&nbsp;<\/p>\n<p>Fonte: UFJF<\/p>\n","protected":false},"excerpt":{"rendered":"<p>Quem n\u00e3o passou at\u00e9 a segunda reclassifica\u00e7\u00e3o do Programa de Ingresso Seletivo Misto (Pism) e do\u00a0Sistema de Sele\u00e7\u00e3o Unificada (Sisu)\u00a0teve mais uma chance \u00a0para ingressar na Universidade Federal de Juiz de Juiz de Fora (UFJF). Nesta ter\u00e7a-feira, dia 19, os novos universit\u00e1rios entregaram os documentos para matr\u00edcula no anfiteatro do Instituto de Ci\u00eancias Humanas (ICH) [&hellip;]<\/p>\n","protected":false},"author":96,"featured_media":133880,"comment_status":"closed","ping_status":"closed","sticky":false,"template":"","format":"standard","meta":{"footnotes":""},"categories":[302,436,262,439],"tags":[],"class_list":["post-136212","post","type-post","status-publish","format-standard","has-post-thumbnail","hentry","category-brasil-mundo","category-destaque-da-semana","category-noticias","category-ultima-hora"],"_links":{"self":[{"href":"https:\/\/diarioregionaldigital.com.br\/index.php?rest_route=\/wp\/v2\/posts\/136212","targetHints":{"allow":["GET"]}}],"collection":[{"href":"https:\/\/diarioregionaldigital.com.br\/index.php?rest_route=\/wp\/v2\/posts"}],"about":[{"href":"https:\/\/diarioregionaldigital.com.br\/index.php?rest_route=\/wp\/v2\/types\/post"}],"author":[{"embeddable":true,"href":"https:\/\/diarioregionaldigital.com.br\/index.php?rest_route=\/wp\/v2\/users\/96"}],"replies":[{"embeddable":true,"href":"https:\/\/diarioregionaldigital.com.br\/index.php?rest_route=%2Fwp%2Fv2%2Fcomments&post=136212"}],"version-history":[{"count":0,"href":"https:\/\/diarioregionaldigital.com.br\/index.php?rest_route=\/wp\/v2\/posts\/136212\/revisions"}],"wp:featuredmedia":[{"embeddable":true,"href":"https:\/\/diarioregionaldigital.com.br\/index.php?rest_route=\/wp\/v2\/media\/133880"}],"wp:attachment":[{"href":"https:\/\/diarioregionaldigital.com.br\/index.php?rest_route=%2Fwp%2Fv2%2Fmedia&parent=136212"}],"wp:term":[{"taxonomy":"category","embeddable":true,"href":"https:\/\/diarioregionaldigital.com.br\/index.php?rest_route=%2Fwp%2Fv2%2Fcategories&post=136212"},{"taxonomy":"post_tag","embeddable":true,"href":"https:\/\/diarioregionaldigital.com.br\/index.php?rest_route=%2Fwp%2Fv2%2Ftags&post=136212"}],"curies":[{"name":"wp","href":"https:\/\/api.w.org\/{rel}","templated":true}]}}