{"id":136207,"date":"2019-03-19T15:10:38","date_gmt":"2019-03-19T18:10:38","guid":{"rendered":"https:\/\/diarioregionaldigital.com.br\/?p=136207"},"modified":"2019-03-19T18:06:53","modified_gmt":"2019-03-19T21:06:53","slug":"camara-homenageia-mulheres-que-se-destacaram-na-luta-por-direitos","status":"publish","type":"post","link":"https:\/\/diarioregionaldigital.com.br\/?p=136207","title":{"rendered":"C\u00e2mara homenageia mulheres que se destacaram na luta por direitos"},"content":{"rendered":"<p>Em sess\u00e3o solene no plen\u00e1rio da C\u00e2mara dos Deputados, a Medalha Mietta Santiago foi entregue hoje, 19, a cinco mulheres que se destacaram na luta por direitos. Nesta edi\u00e7\u00e3o do pr\u00eamio, a segunda, foi concedido um pr\u00eamio p\u00f3stumo \u00e0 vereadora Marielle Franco (PSOL-RJ). A professora Gina Vieira Ponte, a m\u00e9dica Beatriz Bohrer de Amaral, a cientista Gabriela Barreto Lemos e a doutora em Bioqu\u00edmica Debora Foguel tamb\u00e9m receberam a medalha.<\/p>\n<p>Criada em 2017 pela Secretaria da Mulher da C\u00e2mara dos Deputados, a condecora\u00e7\u00e3o tem por objetivo valorizar iniciativas relacionadas aos direitos das mulheres e \u00e9 entregue anualmente em mar\u00e7o, em comemora\u00e7\u00e3o ao Dia Internacional da Mulher, 8.<\/p>\n<p>A vi\u00fava de Marielle, M\u00f4nica Ben\u00edcio, recebeu a medalha em mem\u00f3ria da vereadora, assassinada a tiros em 14 de mar\u00e7o de 2018. Marielle foi coordenadora da Comiss\u00e3o de Defesa dos Direitos Humanos e Cidadania da Assembleia Legislativa do Rio de Janeiro (Alerj) e, em 2016, foi eleita vereadora..<\/p>\n<p>\u201c\u00c9 importante ter essa diversidade de mulheres sendo reconhecidas pelos seus feitos\u201d, disse M\u00f4nica. \u201cTem um significado emotivo muito grande para mim, mas acho que socialmente diz muita coisa porque \u00e9 mais um espa\u00e7o de reconhecimento, onde a gente pode denunciar o que foi a barb\u00e1rie, mas tamb\u00e9m pode homenagear o que foi a luta da Marielle.\u201d<\/p>\n<p>A professora brasiliense Gina Vieira Ponte \u00e9 criadora do premiado projeto Mulheres Inspiradoras, que incentiva a leitura de grandes autoras da literatura mundial e brasileira e instiga crian\u00e7as e adolescentes a contarem a pr\u00f3pria hist\u00f3ria.<\/p>\n<p>Gina lembrou que sua trajet\u00f3ria \u00e9 marcada pelo combate ao racismo e machismo na sociedade. Segundo a professora, o projeto Mulheres Inspiradoras, voltado para estudantes de escola p\u00fablica, tem o objetivo de levar os jovens a entrar em contato com a hist\u00f3ria de grandes mulheres.<\/p>\n<p>A cientista Gabriela Barreto Lemos desenvolveu pesquisa inovadora, que permite a capta\u00e7\u00e3o de fotografias atrav\u00e9s da reprodu\u00e7\u00e3o de pequenos feixes de part\u00edculas, possibilitando a constru\u00e7\u00e3o de uma imagem que n\u00e3o \u00e9 vis\u00edvel a olho nu, como um ferimento interno no corpo humano.<\/p>\n<p>Em discurso, Gabriela destacou que as mulheres podem ser cientistas e devem ter seus direitos respeitados e sua voz ouvida. Ela tamb\u00e9m ressaltou que o governo deve voltar a investir fortemente em ci\u00eancia e lembrou da queda dr\u00e1stica de recursos para as universidades p\u00fablicas nos \u00faltimos anos.<\/p>\n<p>A doutora em bioqu\u00edmica Debora Foguel se dedica ao estudo dos mecanismos respons\u00e1veis pelo desdobramento incorreto das prote\u00ednas, que levam \u00e0 forma\u00e7\u00e3o de agregados amiloides, respons\u00e1veis por doen\u00e7as como Alzheimer, Parkinson e polineuropatia amiloid\u00f3tica familiar.<\/p>\n<p>Debora ressaltou a import\u00e2ncia da ci\u00eancia para o pa\u00eds e exemplificou com o protagonismo do Brasil nas pesquisas sobre a zika. \u201cO Brasil responde por 25% do conhecimento sobre o assunto no planeta\u201d, disse Debora. Segundo ela, esse conhecimento est\u00e1 pavimentando o caminho para se chegar a uma vacina contra a doen\u00e7a. \u201cPrecisamos de recursos para pesquisa\u201d, completou.<\/p>\n<p>A m\u00e9dica Beatriz Bohrer de Amaral, que trabalha pela promo\u00e7\u00e3o da sa\u00fade da mulher, no diagn\u00f3stico precoce do c\u00e2ncer de mama e da osteoporose, \u00e9 coordenadora do Projeto Mulher &amp; Sa\u00fade, que dissemina informa\u00e7\u00e3o \u00e0s mulheres sobre h\u00e1bitos e cuidados necess\u00e1rios \u00e0 sa\u00fade da fam\u00edlia. Para Beatriz, a Medalha Mietta Santiago renova seu compromisso de lutar pelos direitos das mulheres.<\/p>\n<p>Mietta Santiago \u00e9 o pseud\u00f4nimo de Maria Ernestina Carneiro Santiago Manso Pereira. Nascida em Varginha, Minas Gerais, em 1903, a advogada impetrou mandado de seguran\u00e7a em 1928, questionando a proibi\u00e7\u00e3o do voto feminino no Brasil. Mietta afirmou que isso violava a Constitui\u00e7\u00e3o ent\u00e3o vigente, que n\u00e3o vetava o voto feminino. Ela conseguiu o direito de votar e de concorrer ao cargo de deputada federal. Mietta Santiago morreu em 1995.<\/p>\n<p>Fonte: Ag\u00eancia Brasil<\/p>\n","protected":false},"excerpt":{"rendered":"<p>Em sess\u00e3o solene no plen\u00e1rio da C\u00e2mara dos Deputados, a Medalha Mietta Santiago foi entregue hoje, 19, a cinco mulheres que se destacaram na luta por direitos. Nesta edi\u00e7\u00e3o do pr\u00eamio, a segunda, foi concedido um pr\u00eamio p\u00f3stumo \u00e0 vereadora Marielle Franco (PSOL-RJ). A professora Gina Vieira Ponte, a m\u00e9dica Beatriz Bohrer de Amaral, a [&hellip;]<\/p>\n","protected":false},"author":96,"featured_media":136210,"comment_status":"closed","ping_status":"closed","sticky":false,"template":"","format":"standard","meta":{"footnotes":""},"categories":[436,254,439],"tags":[],"class_list":["post-136207","post","type-post","status-publish","format-standard","has-post-thumbnail","hentry","category-destaque-da-semana","category-politica","category-ultima-hora"],"_links":{"self":[{"href":"https:\/\/diarioregionaldigital.com.br\/index.php?rest_route=\/wp\/v2\/posts\/136207","targetHints":{"allow":["GET"]}}],"collection":[{"href":"https:\/\/diarioregionaldigital.com.br\/index.php?rest_route=\/wp\/v2\/posts"}],"about":[{"href":"https:\/\/diarioregionaldigital.com.br\/index.php?rest_route=\/wp\/v2\/types\/post"}],"author":[{"embeddable":true,"href":"https:\/\/diarioregionaldigital.com.br\/index.php?rest_route=\/wp\/v2\/users\/96"}],"replies":[{"embeddable":true,"href":"https:\/\/diarioregionaldigital.com.br\/index.php?rest_route=%2Fwp%2Fv2%2Fcomments&post=136207"}],"version-history":[{"count":0,"href":"https:\/\/diarioregionaldigital.com.br\/index.php?rest_route=\/wp\/v2\/posts\/136207\/revisions"}],"wp:featuredmedia":[{"embeddable":true,"href":"https:\/\/diarioregionaldigital.com.br\/index.php?rest_route=\/wp\/v2\/media\/136210"}],"wp:attachment":[{"href":"https:\/\/diarioregionaldigital.com.br\/index.php?rest_route=%2Fwp%2Fv2%2Fmedia&parent=136207"}],"wp:term":[{"taxonomy":"category","embeddable":true,"href":"https:\/\/diarioregionaldigital.com.br\/index.php?rest_route=%2Fwp%2Fv2%2Fcategories&post=136207"},{"taxonomy":"post_tag","embeddable":true,"href":"https:\/\/diarioregionaldigital.com.br\/index.php?rest_route=%2Fwp%2Fv2%2Ftags&post=136207"}],"curies":[{"name":"wp","href":"https:\/\/api.w.org\/{rel}","templated":true}]}}