{"id":136206,"date":"2019-03-19T15:03:12","date_gmt":"2019-03-19T18:03:12","guid":{"rendered":"https:\/\/diarioregionaldigital.com.br\/?p=136206"},"modified":"2019-03-19T15:03:12","modified_gmt":"2019-03-19T18:03:12","slug":"cpi-da-barragem-de-brumadinho-tem-eleitos-presidente-e-vice","status":"publish","type":"post","link":"https:\/\/diarioregionaldigital.com.br\/?p=136206","title":{"rendered":"CPI da Barragem de Brumadinho tem eleitos presidente e vice"},"content":{"rendered":"<p>Em sua primeira reuni\u00e3o, a\u00a0Comiss\u00e3o Parlamentar de Inqu\u00e9rito (CPI) da Barragem de Brumadinho\u00a0teve eleitos por unanimidade, nesta ter\u00e7a-feira, 19, os deputados Gustavo Valadares (PSDB) e Sargento Rodrigues (PTB) como presidente e vice-presidente, respectivamente.<\/p>\n<p>Formalizada no Plen\u00e1rio da Assembleia Legislativa de Minas Gerais (ALMG) no \u00faltimo dia, 13, a CPI teve como relator designado o deputado Andr\u00e9 Quint\u00e3o (PT).<\/p>\n<p>O presidente eleito anunciou que as reuni\u00f5es ordin\u00e1rias da comiss\u00e3o ser\u00e3o realizadas \u00e0s quintas-feiras, \u00e0s 9h30, e convocou, ainda para esta ter\u00e7a (19),\u00a0reuni\u00e3o extraordin\u00e1ria, \u00e0s 17 horas, quando dever\u00e3o ser votados requerimentos da CPI.<\/p>\n<p>A comiss\u00e3o foi criada para\u00a0apura\u00e7\u00e3o dos fatos relativos ao rompimento da Barragem da Mina C\u00f3rrego do Feij\u00e3o, em Brumadinho, na Regi\u00e3o Metropolitana de Belo Horizonte (RMBH), ocorrido em 25 de janeiro.<\/p>\n<p>A trag\u00e9dia na mina da Vale fez\u00a0mais de 300 v\u00edtimas, entre mortos e desaparecidos e, conforme o\u00a0<a href=\"https:\/\/www.almg.gov.br\/consulte\/legislacao\/index.html?aba=js_tabRegimentoInterno&amp;tipoPesquisa=legislacaoMineiraAnteriores&amp;pageNum=1&amp;riArtigo=&amp;riAssunto=CPI&amp;sltResultPagina=10\">Regimento Interno da ALMG<\/a>, a CPI possui poderes de investiga\u00e7\u00e3o pr\u00f3prios das autoridades judiciais e ter\u00e1 prazo de 120 dias para apura\u00e7\u00e3o dos fatos, prorrog\u00e1vel por mais 60.<\/p>\n<p>Primeiro signat\u00e1rio do pedido de instala\u00e7\u00e3o da CPI, assinado tamb\u00e9m por outros 73 deputados e deputadas, Sargento Rodrigues disse que a\u00a0CPI da Barragem de Brumadinho, por ter recebido esse nome, n\u00e3o deve servir para estigmatizar socialmente o munic\u00edpio.<\/p>\n<p>\u201cTemos na verdade a\u00a0CPI da trag\u00e9dia da Vale\u201d, frisou o vice-presidente, que classificou como\u00a0\u201cgenoc\u00eddio de mais de 300 pessoas\u201d\u00a0o rompimento da barragem no munic\u00edpio, al\u00e9m de mencionar a\u00a0devasta\u00e7\u00e3o do meio ambiente e tamb\u00e9m da\u00a0mem\u00f3ria e da cultura da comunidade local\u00a0provocadas pelo desmoronamento da mina C\u00f3rrego do Feij\u00e3o.<\/p>\n<p>\u201cO objetivo maior da CPI \u00e9 ter resultados pr\u00e1ticos que possam corresponder \u00e0 responsabilidade que nos foi dada pela sociedade\u201d, acrescentou o presidente, desejando sucesso a todos os 14 deputados que comp\u00f5em a CPI, entre efetivos e suplentes.<\/p>\n<p>Fonte: ALMG<\/p>\n","protected":false},"excerpt":{"rendered":"<p>Em sua primeira reuni\u00e3o, a\u00a0Comiss\u00e3o Parlamentar de Inqu\u00e9rito (CPI) da Barragem de Brumadinho\u00a0teve eleitos por unanimidade, nesta ter\u00e7a-feira, 19, os deputados Gustavo Valadares (PSDB) e Sargento Rodrigues (PTB) como presidente e vice-presidente, respectivamente. Formalizada no Plen\u00e1rio da Assembleia Legislativa de Minas Gerais (ALMG) no \u00faltimo dia, 13, a CPI teve como relator designado o deputado [&hellip;]<\/p>\n","protected":false},"author":96,"featured_media":136208,"comment_status":"closed","ping_status":"closed","sticky":false,"template":"","format":"standard","meta":{"footnotes":""},"categories":[436,254,439],"tags":[],"class_list":["post-136206","post","type-post","status-publish","format-standard","has-post-thumbnail","hentry","category-destaque-da-semana","category-politica","category-ultima-hora"],"_links":{"self":[{"href":"https:\/\/diarioregionaldigital.com.br\/index.php?rest_route=\/wp\/v2\/posts\/136206","targetHints":{"allow":["GET"]}}],"collection":[{"href":"https:\/\/diarioregionaldigital.com.br\/index.php?rest_route=\/wp\/v2\/posts"}],"about":[{"href":"https:\/\/diarioregionaldigital.com.br\/index.php?rest_route=\/wp\/v2\/types\/post"}],"author":[{"embeddable":true,"href":"https:\/\/diarioregionaldigital.com.br\/index.php?rest_route=\/wp\/v2\/users\/96"}],"replies":[{"embeddable":true,"href":"https:\/\/diarioregionaldigital.com.br\/index.php?rest_route=%2Fwp%2Fv2%2Fcomments&post=136206"}],"version-history":[{"count":0,"href":"https:\/\/diarioregionaldigital.com.br\/index.php?rest_route=\/wp\/v2\/posts\/136206\/revisions"}],"wp:featuredmedia":[{"embeddable":true,"href":"https:\/\/diarioregionaldigital.com.br\/index.php?rest_route=\/wp\/v2\/media\/136208"}],"wp:attachment":[{"href":"https:\/\/diarioregionaldigital.com.br\/index.php?rest_route=%2Fwp%2Fv2%2Fmedia&parent=136206"}],"wp:term":[{"taxonomy":"category","embeddable":true,"href":"https:\/\/diarioregionaldigital.com.br\/index.php?rest_route=%2Fwp%2Fv2%2Fcategories&post=136206"},{"taxonomy":"post_tag","embeddable":true,"href":"https:\/\/diarioregionaldigital.com.br\/index.php?rest_route=%2Fwp%2Fv2%2Ftags&post=136206"}],"curies":[{"name":"wp","href":"https:\/\/api.w.org\/{rel}","templated":true}]}}