{"id":136198,"date":"2019-03-19T14:36:10","date_gmt":"2019-03-19T17:36:10","guid":{"rendered":"https:\/\/diarioregionaldigital.com.br\/?p=136198"},"modified":"2019-03-19T14:36:10","modified_gmt":"2019-03-19T17:36:10","slug":"reforma-de-militares-economizara-r-13-bilhoes-em-10-anos-diz-mourao","status":"publish","type":"post","link":"https:\/\/diarioregionaldigital.com.br\/?p=136198","title":{"rendered":"Reforma de militares economizar\u00e1 R$ 13 bilh\u00f5es em 10 anos, diz Mour\u00e3o"},"content":{"rendered":"<p>O presidente da Rep\u00fablica em exerc\u00edcio, Hamilton Mour\u00e3o, disse nesta ter\u00e7a-feira, 19, em Bras\u00edlia, que o governo espera economizar em torno de R$ 13 bilh\u00f5es nos pr\u00f3ximos 10 anos com a reforma das aposentadorias e pens\u00f5es dos militares. A estimativa, explicou, j\u00e1 inclui a reestrutura\u00e7\u00e3o das carreiras militares, o que abranger\u00e1 medidas como aumento de gratifica\u00e7\u00f5es.<\/p>\n<p>Sem essa reestrutura\u00e7\u00e3o, a economia prevista era de R$ 92,3 bilh\u00f5es nos pr\u00f3ximos 10 anos.<\/p>\n<p>Nessa segunda-feira, 18, o secret\u00e1rio especial de Previd\u00eancia e Trabalho, Rog\u00e9rio Marinho, disse que\u00a0o impacto da reestrutura\u00e7\u00e3o de carreiras militares ser\u00e1 conhecido na \u00edntegra nesta quarta-feira, 20, quando o governo apresentar o projeto que reforma a previd\u00eancia das For\u00e7as Armadas.<\/p>\n<p>Mour\u00e3o adiantou a informa\u00e7\u00e3o ap\u00f3s reuni\u00e3o, hoje, com o ministro da Defesa, Fernando Azevedo. \u201cJ\u00e1 est\u00e1 tudo ajustado, [a equipe] vai apresentar para o presidente amanh\u00e3 para fechar o pacote. N\u00e3o tem nada faltando definir da parte do Minist\u00e9rio da Defesa, \u00e9 s\u00f3 a decis\u00e3o presidencial\u201d, disse Mour\u00e3o.<\/p>\n<p>De acordo com o presidente em exerc\u00edcio, a al\u00edquota de contribui\u00e7\u00e3o dos militares vai aumentar 14% ao longo dos pr\u00f3ximos dois anos, sendo 10,5% para a previd\u00eancia e 3,5% para o plano de sa\u00fade, que j\u00e1 \u00e9 pago pelos militares.<\/p>\n<p>&nbsp;<\/p>\n<p>Fonte: Ag\u00eancia Brasil<\/p>\n","protected":false},"excerpt":{"rendered":"<p>O presidente da Rep\u00fablica em exerc\u00edcio, Hamilton Mour\u00e3o, disse nesta ter\u00e7a-feira, 19, em Bras\u00edlia, que o governo espera economizar em torno de R$ 13 bilh\u00f5es nos pr\u00f3ximos 10 anos com a reforma das aposentadorias e pens\u00f5es dos militares. A estimativa, explicou, j\u00e1 inclui a reestrutura\u00e7\u00e3o das carreiras militares, o que abranger\u00e1 medidas como aumento de [&hellip;]<\/p>\n","protected":false},"author":96,"featured_media":136200,"comment_status":"closed","ping_status":"closed","sticky":false,"template":"","format":"standard","meta":{"footnotes":""},"categories":[302,436,262,439],"tags":[],"class_list":["post-136198","post","type-post","status-publish","format-standard","has-post-thumbnail","hentry","category-brasil-mundo","category-destaque-da-semana","category-noticias","category-ultima-hora"],"_links":{"self":[{"href":"https:\/\/diarioregionaldigital.com.br\/index.php?rest_route=\/wp\/v2\/posts\/136198","targetHints":{"allow":["GET"]}}],"collection":[{"href":"https:\/\/diarioregionaldigital.com.br\/index.php?rest_route=\/wp\/v2\/posts"}],"about":[{"href":"https:\/\/diarioregionaldigital.com.br\/index.php?rest_route=\/wp\/v2\/types\/post"}],"author":[{"embeddable":true,"href":"https:\/\/diarioregionaldigital.com.br\/index.php?rest_route=\/wp\/v2\/users\/96"}],"replies":[{"embeddable":true,"href":"https:\/\/diarioregionaldigital.com.br\/index.php?rest_route=%2Fwp%2Fv2%2Fcomments&post=136198"}],"version-history":[{"count":0,"href":"https:\/\/diarioregionaldigital.com.br\/index.php?rest_route=\/wp\/v2\/posts\/136198\/revisions"}],"wp:featuredmedia":[{"embeddable":true,"href":"https:\/\/diarioregionaldigital.com.br\/index.php?rest_route=\/wp\/v2\/media\/136200"}],"wp:attachment":[{"href":"https:\/\/diarioregionaldigital.com.br\/index.php?rest_route=%2Fwp%2Fv2%2Fmedia&parent=136198"}],"wp:term":[{"taxonomy":"category","embeddable":true,"href":"https:\/\/diarioregionaldigital.com.br\/index.php?rest_route=%2Fwp%2Fv2%2Fcategories&post=136198"},{"taxonomy":"post_tag","embeddable":true,"href":"https:\/\/diarioregionaldigital.com.br\/index.php?rest_route=%2Fwp%2Fv2%2Ftags&post=136198"}],"curies":[{"name":"wp","href":"https:\/\/api.w.org\/{rel}","templated":true}]}}