{"id":136195,"date":"2019-03-19T14:29:22","date_gmt":"2019-03-19T17:29:22","guid":{"rendered":"https:\/\/diarioregionaldigital.com.br\/?p=136195"},"modified":"2019-03-19T14:29:22","modified_gmt":"2019-03-19T17:29:22","slug":"bolsonaro-e-trump-estao-reunidos-na-casa-branca","status":"publish","type":"post","link":"https:\/\/diarioregionaldigital.com.br\/?p=136195","title":{"rendered":"Bolsonaro e Trump est\u00e3o reunidos na Casa Branca"},"content":{"rendered":"<p>O presidente Jair Bolsonaro est\u00e1 nesta ter\u00e7a-feira, 19, na Casa Branca, em Washington (Estados Unidos), para o encontro com o presidente dos Estados Unidos, Donald Trump. O norte-americano recebeu Bolsonaro na porta da resid\u00eancia. Eles se cumprimentaram e posaram para fotografias.<\/p>\n<p>Bolsonaro ter\u00e1 uma conversa reservada, de cerca de 20 minutos, com Trump, da qual participar\u00e3o apenas os dois e os int\u00e9rpretes. Em seguida, haver\u00e1 um encontro ampliado com as comitivas brasileira e norte-americana, no Sal\u00e3o Oval.<\/p>\n<p>Ao final, nos jardins da Casa Branca, Bolsonaro e Trump far\u00e3o uma declara\u00e7\u00e3o \u00e0 imprensa. H\u00e1 a previs\u00e3o de entrevista coletiva com direito a quatro perguntas, das quais duas feitas por jornalistas americanos.<\/p>\n<p>A viagem de Bolsonaro aos Estados Unidos \u00e9 a primeira com car\u00e1ter bilateral. Mas a segunda internacional, pois a primeira foi a Davos, na Su\u00ed\u00e7a, para o F\u00f3rum Mundial.<\/p>\n<p>&nbsp;<\/p>\n<p>Fonte: Ag\u00eancia Brasil<\/p>\n","protected":false},"excerpt":{"rendered":"<p>O presidente Jair Bolsonaro est\u00e1 nesta ter\u00e7a-feira, 19, na Casa Branca, em Washington (Estados Unidos), para o encontro com o presidente dos Estados Unidos, Donald Trump. O norte-americano recebeu Bolsonaro na porta da resid\u00eancia. Eles se cumprimentaram e posaram para fotografias. Bolsonaro ter\u00e1 uma conversa reservada, de cerca de 20 minutos, com Trump, da qual [&hellip;]<\/p>\n","protected":false},"author":96,"featured_media":136196,"comment_status":"closed","ping_status":"closed","sticky":false,"template":"","format":"standard","meta":{"footnotes":""},"categories":[302,436,262,439],"tags":[],"class_list":["post-136195","post","type-post","status-publish","format-standard","has-post-thumbnail","hentry","category-brasil-mundo","category-destaque-da-semana","category-noticias","category-ultima-hora"],"_links":{"self":[{"href":"https:\/\/diarioregionaldigital.com.br\/index.php?rest_route=\/wp\/v2\/posts\/136195","targetHints":{"allow":["GET"]}}],"collection":[{"href":"https:\/\/diarioregionaldigital.com.br\/index.php?rest_route=\/wp\/v2\/posts"}],"about":[{"href":"https:\/\/diarioregionaldigital.com.br\/index.php?rest_route=\/wp\/v2\/types\/post"}],"author":[{"embeddable":true,"href":"https:\/\/diarioregionaldigital.com.br\/index.php?rest_route=\/wp\/v2\/users\/96"}],"replies":[{"embeddable":true,"href":"https:\/\/diarioregionaldigital.com.br\/index.php?rest_route=%2Fwp%2Fv2%2Fcomments&post=136195"}],"version-history":[{"count":0,"href":"https:\/\/diarioregionaldigital.com.br\/index.php?rest_route=\/wp\/v2\/posts\/136195\/revisions"}],"wp:featuredmedia":[{"embeddable":true,"href":"https:\/\/diarioregionaldigital.com.br\/index.php?rest_route=\/wp\/v2\/media\/136196"}],"wp:attachment":[{"href":"https:\/\/diarioregionaldigital.com.br\/index.php?rest_route=%2Fwp%2Fv2%2Fmedia&parent=136195"}],"wp:term":[{"taxonomy":"category","embeddable":true,"href":"https:\/\/diarioregionaldigital.com.br\/index.php?rest_route=%2Fwp%2Fv2%2Fcategories&post=136195"},{"taxonomy":"post_tag","embeddable":true,"href":"https:\/\/diarioregionaldigital.com.br\/index.php?rest_route=%2Fwp%2Fv2%2Ftags&post=136195"}],"curies":[{"name":"wp","href":"https:\/\/api.w.org\/{rel}","templated":true}]}}