{"id":136191,"date":"2019-03-19T14:23:15","date_gmt":"2019-03-19T17:23:15","guid":{"rendered":"https:\/\/diarioregionaldigital.com.br\/?p=136191"},"modified":"2019-03-19T14:23:15","modified_gmt":"2019-03-19T17:23:15","slug":"fiocruz-discute-impacto-das-fake-news-na-saude-das-pessoas","status":"publish","type":"post","link":"https:\/\/diarioregionaldigital.com.br\/?p=136191","title":{"rendered":"Fiocruz discute impacto das fake news na sa\u00fade das pessoas"},"content":{"rendered":"<p>A Funda\u00e7\u00e3o Oswaldo Cruz (Fiocruz) discute nesta semana como as chamadas\u00a0<em>fake news<\/em>\u00a0\u2013 informa\u00e7\u00f5es falsas veiculadas sobretudo em redes sociais \u2013 afetam a sa\u00fade das pessoas. O II Semin\u00e1rio Internacional Rela\u00e7\u00f5es da Sa\u00fade P\u00fablica com a Imprensa: Fake News e Sa\u00fade, que come\u00e7ou nesta ter\u00e7a-feira, 19, em Bras\u00edlia, conta com mesas redondas e rodas de conversa entre jornalistas, pesquisadores, profissionais de sa\u00fade, estudantes e interessados no tema.<\/p>\n<p>Na cerim\u00f4nia de abertura, a diretora da Fiocruz Bras\u00edlia, Fabiana Dam\u00e1sio, lembrou da necessidade de se criar espa\u00e7os cada vez mais abertos em torno de debates sobre<em>fake news<\/em>\u00a0e destacou o desafio de comunicar algo t\u00e3o importante e complexo como os temas envolvendo a sa\u00fade p\u00fablica. \u201cNo momento em que organizamos um evento como este, \u00e9 exatamente refor\u00e7ando a comunica\u00e7\u00e3o como um espa\u00e7o estrat\u00e9gico\u201d.<\/p>\n<p>\u201cPrecisamos refletir sobre o que est\u00e1 acontecendo hoje no Brasil em termos de prolifera\u00e7\u00e3o e divulga\u00e7\u00e3o instant\u00e2nea de informa\u00e7\u00f5es por meio de dispositivos e redes sociais\u201d, disse, ao citar especificamente um \u00e1udio que circulou nas redes sociais no ano passado e que pedia \u00e0s pessoas que n\u00e3o se imunizassem contra a febre amarela. \u201cPrecisamos abordar a quest\u00e3o de forma \u00e9tica, cr\u00edtica e vigilante\u201d.<\/p>\n<p>Para a coordenadora de Comunica\u00e7\u00e3o Social da Fiocruz Rio de Janeiro, Elisa Andries, a comunica\u00e7\u00e3o, no \u00e2mbito da sa\u00fade p\u00fablica, deve ser vista como uma quest\u00e3o priorit\u00e1ria e fundamental para que institui\u00e7\u00f5es como a pr\u00f3pria Fiocruz sejam tidas como uma esp\u00e9cie de agente de checagem de informa\u00e7\u00e3o. Ela citou \u00e1udios veiculados em redes sociais, em 2015, com informa\u00e7\u00f5es falsas sobre infec\u00e7\u00f5es pelo v\u00edrus Zika no Brasil.<\/p>\n<p>\u201cAs\u00a0<em>fake news<\/em>\u00a0na sa\u00fade s\u00e3o muito associadas ao medo. Elas se disseminam muito por conta do medo que as pessoas sentem em rela\u00e7\u00e3o a doen\u00e7as e pat\u00f3genos\u201d, disse. \u201cA imprensa livre e forte tamb\u00e9m \u00e9 importante para lutarmos contra as\u00a0<em>fake<\/em>\u00a0<em>news<\/em>. Vejo o jornalismo como um apoio importante pra trabalharmos juntos contra a dissemina\u00e7\u00e3o de not\u00edcias falsas\u201d, concluiu Elisa.<\/p>\n<p>&nbsp;<\/p>\n<p>Foto: Ag\u00eancia Brasil<\/p>\n","protected":false},"excerpt":{"rendered":"<p>A Funda\u00e7\u00e3o Oswaldo Cruz (Fiocruz) discute nesta semana como as chamadas\u00a0fake news\u00a0\u2013 informa\u00e7\u00f5es falsas veiculadas sobretudo em redes sociais \u2013 afetam a sa\u00fade das pessoas. O II Semin\u00e1rio Internacional Rela\u00e7\u00f5es da Sa\u00fade P\u00fablica com a Imprensa: Fake News e Sa\u00fade, que come\u00e7ou nesta ter\u00e7a-feira, 19, em Bras\u00edlia, conta com mesas redondas e rodas de conversa [&hellip;]<\/p>\n","protected":false},"author":96,"featured_media":136192,"comment_status":"closed","ping_status":"closed","sticky":false,"template":"","format":"standard","meta":{"footnotes":""},"categories":[436,262,439],"tags":[],"class_list":["post-136191","post","type-post","status-publish","format-standard","has-post-thumbnail","hentry","category-destaque-da-semana","category-noticias","category-ultima-hora"],"_links":{"self":[{"href":"https:\/\/diarioregionaldigital.com.br\/index.php?rest_route=\/wp\/v2\/posts\/136191","targetHints":{"allow":["GET"]}}],"collection":[{"href":"https:\/\/diarioregionaldigital.com.br\/index.php?rest_route=\/wp\/v2\/posts"}],"about":[{"href":"https:\/\/diarioregionaldigital.com.br\/index.php?rest_route=\/wp\/v2\/types\/post"}],"author":[{"embeddable":true,"href":"https:\/\/diarioregionaldigital.com.br\/index.php?rest_route=\/wp\/v2\/users\/96"}],"replies":[{"embeddable":true,"href":"https:\/\/diarioregionaldigital.com.br\/index.php?rest_route=%2Fwp%2Fv2%2Fcomments&post=136191"}],"version-history":[{"count":0,"href":"https:\/\/diarioregionaldigital.com.br\/index.php?rest_route=\/wp\/v2\/posts\/136191\/revisions"}],"wp:featuredmedia":[{"embeddable":true,"href":"https:\/\/diarioregionaldigital.com.br\/index.php?rest_route=\/wp\/v2\/media\/136192"}],"wp:attachment":[{"href":"https:\/\/diarioregionaldigital.com.br\/index.php?rest_route=%2Fwp%2Fv2%2Fmedia&parent=136191"}],"wp:term":[{"taxonomy":"category","embeddable":true,"href":"https:\/\/diarioregionaldigital.com.br\/index.php?rest_route=%2Fwp%2Fv2%2Fcategories&post=136191"},{"taxonomy":"post_tag","embeddable":true,"href":"https:\/\/diarioregionaldigital.com.br\/index.php?rest_route=%2Fwp%2Fv2%2Ftags&post=136191"}],"curies":[{"name":"wp","href":"https:\/\/api.w.org\/{rel}","templated":true}]}}