{"id":136188,"date":"2019-03-19T14:05:47","date_gmt":"2019-03-19T17:05:47","guid":{"rendered":"https:\/\/diarioregionaldigital.com.br\/?p=136188"},"modified":"2019-03-19T14:05:47","modified_gmt":"2019-03-19T17:05:47","slug":"coletivo-artistico-expoe-pintura-na-fachada-do-ru-centro","status":"publish","type":"post","link":"https:\/\/diarioregionaldigital.com.br\/?p=136188","title":{"rendered":"Coletivo art\u00edstico exp\u00f5e pintura na fachada do RU Centro"},"content":{"rendered":"<p>Que tal chegar no\u00a0Restaurante Universit\u00e1rio (RU)\u00a0do Centro e se deparar com uma pintura inspirada na aclamada Tarsila do Amaral? \u00c9 o que est\u00e1 sendo proporcionado pela a\u00e7\u00e3o da\u00a0Pr\u00f3-reitoria de Cultura (Procult)\u00a0em parceria com o RU. A iniciativa permitiu ao coletivo art\u00edstico Rumino \u2013 vencedor do concurso Pintura Mural \u2013 expor sua releitura da obra \u201cOper\u00e1rios\u201d na parede frontal e lateral do pr\u00e9dio.<\/p>\n<p>Realizado no final de 2018, o concurso Pintura Mural, promovido pela Procult em parceria com a dire\u00e7\u00e3o do RU, convidou artistas universit\u00e1rios e coletivos art\u00edsticos com algum v\u00ednculo com a UFJF e os estimulou a criar uma obra autoral com o tema \u201cDiversidade\u201d. A competi\u00e7\u00e3o teve o objetivo de valorizar os espa\u00e7os da Universidade incentivando a arte e a reflex\u00e3o acerca de um tema fundamental e muito difundido na sociedade atual.<\/p>\n<p>Ao final do processo seletivo, o grupo Rumino conquistou o pr\u00eamio de R$ 3 mil e a possibilidade de expor o trabalho em um local de fluxo constante de integrantes do cotidiano acad\u00eamico da UFJF.\u00a0A a\u00e7\u00e3o d\u00e1 seguimento ao intuito de levar proposi\u00e7\u00f5es art\u00edsticas ao RU Centro, alguns meses ap\u00f3s a\u00a0instaura\u00e7\u00e3o da \u201cGaleria RU\u201d, iniciativa que deu um colorido diferente na hora de almo\u00e7o de quem circula pelo restaurante ao expor composi\u00e7\u00f5es art\u00edsticas no corredor de entrada do pr\u00e9dio.<\/p>\n<p>Para a pr\u00f3-reitoria de Cultura,\u00a0Val\u00e9ria Faria,\u00a0as exposi\u00e7\u00f5es no restaurante alcan\u00e7am um extenso p\u00fablico e valoriza a as express\u00f5es art\u00edsticas. \u201cEssas iniciativas agregam um valor maior de sensibilidade, express\u00e3o e arte ao cotidiano, n\u00e3o s\u00f3 dos alunos, mas de todas as pessoas, uma vez que o pr\u00e9dio \u00e9 bastante central e essa exposi\u00e7\u00e3o tem visibilidade com o p\u00fablico. Estamos muito felizes com o resultado do concurso, acreditando que essas iniciativas tenham sempre o intuito de incentivar novos talentos e despertar interesses pela arte e cultura na UFJF.\u201d<\/p>\n<p><b>Tarsila do Amaral e a diversidade<\/b><\/p>\n<p>O coletivo Rumino, segundo seus criadores, nasceu a partir da \u201ccr\u00edtica \u00e0 manuten\u00e7\u00e3o de pr\u00e1ticas conservadoras nos quadrados do mercado de arte\u201d. Para participar do concurso Pintura Mural, o tema diversidade foi trabalhado pelo grupo a partir da reflex\u00e3o sobre as diferen\u00e7as e o livre pensamento, surgindo, assim, a ideia de se inspirar no quadro de Tarsila do Amaral pintado originalmente em 1933.<\/p>\n<p>A inspira\u00e7\u00e3o na reconhecida pintora brasileira vai ao encontro da vis\u00e3o cr\u00edtica proposta pelo grupo e busca propor um pensamento sobre as personagens que realmente formaram a hist\u00f3ria brasileira, como afirma o artista integrante do grupo e estudante do Instituto de Artes e Design (IAD), Lucas Soares: \u201cA escolha pela obra da Tarsila \u00e9 devido a melhor forma de mostrar um vi\u00e9s da sociedade que \u00e9 sempre ignorado. Tarsila pintou a realidade cansada e sem esperan\u00e7a dos oper\u00e1rios, a massifica\u00e7\u00e3o do trabalho. Mas diferentemente da obra da artista, nossa ideia foi expor figuras que se destacam na multid\u00e3o por sua import\u00e2ncia social, mas que, principalmente, \u00a0demonstram que qualquer pessoa pode fazer muito pela sociedade em que vive\u201d.<\/p>\n<p>Para Soares, a iniciativa da Procult e da dire\u00e7\u00e3o do RU cumprem a diretriz universit\u00e1ria de democratiza\u00e7\u00e3o da arte e forma\u00e7\u00e3o de pensamento cr\u00edtico. \u201cQuando a Universidade apoia a express\u00e3o art\u00edstica, ela tamb\u00e9m nos d\u00e1 a oportunidade de retorno daquilo que produzimos, trazendo a arte, que muitas vezes era reservada a poucos, para a presen\u00e7a de muitos que sequer teriam a possibilidade de ver o que fazemos. Qualquer incentivo a manifesta\u00e7\u00f5es de liberdade de express\u00e3o e art\u00edstica agora s\u00e3o fundamentais para combater quem quer nos silenciar hoje, porque \u00e9 justamente na adversidade que se v\u00ea qu\u00e3o potente podem ser essas manifesta\u00e7\u00f5es\u201d.<\/p>\n<p>&nbsp;<\/p>\n<p>Fonte: UFJF<\/p>\n","protected":false},"excerpt":{"rendered":"<p>Que tal chegar no\u00a0Restaurante Universit\u00e1rio (RU)\u00a0do Centro e se deparar com uma pintura inspirada na aclamada Tarsila do Amaral? \u00c9 o que est\u00e1 sendo proporcionado pela a\u00e7\u00e3o da\u00a0Pr\u00f3-reitoria de Cultura (Procult)\u00a0em parceria com o RU. A iniciativa permitiu ao coletivo art\u00edstico Rumino \u2013 vencedor do concurso Pintura Mural \u2013 expor sua releitura da obra \u201cOper\u00e1rios\u201d [&hellip;]<\/p>\n","protected":false},"author":96,"featured_media":136189,"comment_status":"closed","ping_status":"closed","sticky":false,"template":"","format":"standard","meta":{"footnotes":""},"categories":[256,436,262,439],"tags":[],"class_list":["post-136188","post","type-post","status-publish","format-standard","has-post-thumbnail","hentry","category-cultura","category-destaque-da-semana","category-noticias","category-ultima-hora"],"_links":{"self":[{"href":"https:\/\/diarioregionaldigital.com.br\/index.php?rest_route=\/wp\/v2\/posts\/136188","targetHints":{"allow":["GET"]}}],"collection":[{"href":"https:\/\/diarioregionaldigital.com.br\/index.php?rest_route=\/wp\/v2\/posts"}],"about":[{"href":"https:\/\/diarioregionaldigital.com.br\/index.php?rest_route=\/wp\/v2\/types\/post"}],"author":[{"embeddable":true,"href":"https:\/\/diarioregionaldigital.com.br\/index.php?rest_route=\/wp\/v2\/users\/96"}],"replies":[{"embeddable":true,"href":"https:\/\/diarioregionaldigital.com.br\/index.php?rest_route=%2Fwp%2Fv2%2Fcomments&post=136188"}],"version-history":[{"count":0,"href":"https:\/\/diarioregionaldigital.com.br\/index.php?rest_route=\/wp\/v2\/posts\/136188\/revisions"}],"wp:featuredmedia":[{"embeddable":true,"href":"https:\/\/diarioregionaldigital.com.br\/index.php?rest_route=\/wp\/v2\/media\/136189"}],"wp:attachment":[{"href":"https:\/\/diarioregionaldigital.com.br\/index.php?rest_route=%2Fwp%2Fv2%2Fmedia&parent=136188"}],"wp:term":[{"taxonomy":"category","embeddable":true,"href":"https:\/\/diarioregionaldigital.com.br\/index.php?rest_route=%2Fwp%2Fv2%2Fcategories&post=136188"},{"taxonomy":"post_tag","embeddable":true,"href":"https:\/\/diarioregionaldigital.com.br\/index.php?rest_route=%2Fwp%2Fv2%2Ftags&post=136188"}],"curies":[{"name":"wp","href":"https:\/\/api.w.org\/{rel}","templated":true}]}}