{"id":136181,"date":"2019-03-19T13:49:41","date_gmt":"2019-03-19T16:49:41","guid":{"rendered":"https:\/\/diarioregionaldigital.com.br\/?p=136181"},"modified":"2019-03-19T13:49:41","modified_gmt":"2019-03-19T16:49:41","slug":"praca-ceu-inaugura-horta-comunitaria-com-25-especies","status":"publish","type":"post","link":"https:\/\/diarioregionaldigital.com.br\/?p=136181","title":{"rendered":"Pra\u00e7a CEU inaugura horta comunit\u00e1ria com 25 esp\u00e9cies"},"content":{"rendered":"<p>Couve, quiabo, or\u00e9gano, pimenta malagueta, manjeric\u00e3o, alecrim, tomilho, boldo, hortel\u00e3 e alho silvestre est\u00e3o entre as 25 esp\u00e9cies plantadas na horta comunit\u00e1ria do Centro de Artes e Esportes Unificados \u201cCoronel Adelmir Romualdo de Oliveira\u201d (Pra\u00e7a CEU &#8211; Avenida Juscelino Kubitschek, 5.899 \u2013 Benfica). A horta ser\u00e1 oficialmente entregue \u00e0 comunidade na quarta-feira, 20, e a expectativa \u00e9 de que as primeiras colheitas aconte\u00e7am j\u00e1 no pr\u00f3ximo m\u00eas.<\/p>\n<p>Montada com pneus recolhidos no com\u00e9rcio da zona norte e mudas doadas por usu\u00e1rios e funcion\u00e1rios da CEU, a horta ocupa \u00e1rea com aproximadamente dez metros quadrados. Conforme o coordenador-geral da pra\u00e7a, Andr\u00e9 Noronha, a ideia foi ocupar de forma produtiva o terreno atr\u00e1s do anfiteatro: \u201cEra desejo antigo ter uma horta. Decidimos colocar em pr\u00e1tica agora, no anivers\u00e1rio de quatro anos da CEU.\u201d<\/p>\n<p>Ele contou que a expectativa da comunidade da regi\u00e3o \u00e9 grande: \u201cAs pessoas que fazem caminhada na pra\u00e7a, cursam oficinas ou utilizam as quadras, a academia e o parque est\u00e3o superanimadas. Elas acompanham a implanta\u00e7\u00e3o da horta desde o come\u00e7o. N\u00f3s mesmos pintamos os pneus, recebemos doa\u00e7\u00e3o de terra do horto municipal e colocamos a m\u00e3o na terra\u201d.<\/p>\n<p>Os cuidados com as plantas ser\u00e3o responsabilidade dos funcion\u00e1rios da Pra\u00e7a CEU. Em um primeiro momento caber\u00e1 tamb\u00e9m a eles a fun\u00e7\u00e3o de colher as esp\u00e9cies e entregar gratuitamente aos frequentadores do espa\u00e7o: \u201cEscolhemos, al\u00e9m das hortali\u00e7as mais tradicionais, uma variedade grande de temperos e plantas utilizadas em ch\u00e1s\u201d, completou Andr\u00e9.<\/p>\n<p>&nbsp;<\/p>\n<p>Fonte: PJF<\/p>\n","protected":false},"excerpt":{"rendered":"<p>Couve, quiabo, or\u00e9gano, pimenta malagueta, manjeric\u00e3o, alecrim, tomilho, boldo, hortel\u00e3 e alho silvestre est\u00e3o entre as 25 esp\u00e9cies plantadas na horta comunit\u00e1ria do Centro de Artes e Esportes Unificados \u201cCoronel Adelmir Romualdo de Oliveira\u201d (Pra\u00e7a CEU &#8211; Avenida Juscelino Kubitschek, 5.899 \u2013 Benfica). A horta ser\u00e1 oficialmente entregue \u00e0 comunidade na quarta-feira, 20, e a [&hellip;]<\/p>\n","protected":false},"author":96,"featured_media":136182,"comment_status":"closed","ping_status":"closed","sticky":false,"template":"","format":"standard","meta":{"footnotes":""},"categories":[253,436,262,439],"tags":[],"class_list":["post-136181","post","type-post","status-publish","format-standard","has-post-thumbnail","hentry","category-cidade","category-destaque-da-semana","category-noticias","category-ultima-hora"],"_links":{"self":[{"href":"https:\/\/diarioregionaldigital.com.br\/index.php?rest_route=\/wp\/v2\/posts\/136181","targetHints":{"allow":["GET"]}}],"collection":[{"href":"https:\/\/diarioregionaldigital.com.br\/index.php?rest_route=\/wp\/v2\/posts"}],"about":[{"href":"https:\/\/diarioregionaldigital.com.br\/index.php?rest_route=\/wp\/v2\/types\/post"}],"author":[{"embeddable":true,"href":"https:\/\/diarioregionaldigital.com.br\/index.php?rest_route=\/wp\/v2\/users\/96"}],"replies":[{"embeddable":true,"href":"https:\/\/diarioregionaldigital.com.br\/index.php?rest_route=%2Fwp%2Fv2%2Fcomments&post=136181"}],"version-history":[{"count":0,"href":"https:\/\/diarioregionaldigital.com.br\/index.php?rest_route=\/wp\/v2\/posts\/136181\/revisions"}],"wp:featuredmedia":[{"embeddable":true,"href":"https:\/\/diarioregionaldigital.com.br\/index.php?rest_route=\/wp\/v2\/media\/136182"}],"wp:attachment":[{"href":"https:\/\/diarioregionaldigital.com.br\/index.php?rest_route=%2Fwp%2Fv2%2Fmedia&parent=136181"}],"wp:term":[{"taxonomy":"category","embeddable":true,"href":"https:\/\/diarioregionaldigital.com.br\/index.php?rest_route=%2Fwp%2Fv2%2Fcategories&post=136181"},{"taxonomy":"post_tag","embeddable":true,"href":"https:\/\/diarioregionaldigital.com.br\/index.php?rest_route=%2Fwp%2Fv2%2Ftags&post=136181"}],"curies":[{"name":"wp","href":"https:\/\/api.w.org\/{rel}","templated":true}]}}