{"id":136176,"date":"2019-03-19T13:43:31","date_gmt":"2019-03-19T16:43:31","guid":{"rendered":"https:\/\/diarioregionaldigital.com.br\/?p=136176"},"modified":"2019-03-19T13:43:31","modified_gmt":"2019-03-19T16:43:31","slug":"inep-libera-espelhos-da-redacao-do-enem-2018","status":"publish","type":"post","link":"https:\/\/diarioregionaldigital.com.br\/?p=136176","title":{"rendered":"Inep libera espelhos da reda\u00e7\u00e3o do Enem 2018"},"content":{"rendered":"<p>Os participantes do Exame Nacional do Ensino M\u00e9dio (Enem) 2018 j\u00e1 podem ter acesso \u00e0 corre\u00e7\u00e3o da reda\u00e7\u00e3o para fins pedag\u00f3gicos. O Instituto Nacional de Estudos e Pesquisas Educacionais An\u00edsio (Inep) divulgou na manh\u00e3 desta ter\u00e7a-feira, 19, os espelhos da reda\u00e7\u00e3o na\u00a0P\u00e1gina do Participante\u00a0do exame.<\/p>\n<p>Com o espelho, os estudantes podem conferir o que erraram e o que acertaram na prova. A corre\u00e7\u00e3o tem fun\u00e7\u00e3o apenas pedag\u00f3gica e n\u00e3o \u00e9 poss\u00edvel interpor recurso. O tema da edi\u00e7\u00e3o do ano passado foi Manipula\u00e7\u00e3o do comportamento do usu\u00e1rio pelo controle de dados na internet.<\/p>\n<p>Na \u00faltima edi\u00e7\u00e3o, ao todo, 55 candidatos obtiveram a nota m\u00e1xima, 1 mil, e 112.559, o equivalente a 2,73% dos candidatos, zeraram a prova de reda\u00e7\u00e3o.<\/p>\n<h2>Treineiros<\/h2>\n<p>O Inep divulgou tamb\u00e9m nesta ter\u00e7a-feira, 19, as notas em todas as provas do Enem dos treineiros, ou seja, participantes que n\u00e3o conclu\u00edram o ensino m\u00e9dio e eram menores de 18 anos quando foram aplicadas as provas. Como esses resultados n\u00e3o podem ser usados para acesso \u00e0 educa\u00e7\u00e3o superior, s\u00e3o tradicionalmente divulgados 60 dias depois dos resultados dos participantes regulares. Dos 6.731.203 inscritos para o Enem 2017, 8,9% eram treineiros.<\/p>\n<h2>Enem 2019<\/h2>\n<p>Neste ano, o Enem ser\u00e1 aplicado nos dias 3 e 10 de novembro. As inscri\u00e7\u00f5es estar\u00e3o abertas de 6 a 17 de maio. Entre 1\u00ba e 10 de abril, os estudantes poder\u00e3o pedir isen\u00e7\u00e3o da taxa de inscri\u00e7\u00e3o. Nesse mesmo per\u00edodo, o Inep vai receber as justificativas dos que faltaram \u00e0s provas em 2018.<\/p>\n<p>&nbsp;<\/p>\n<p>Fonte: Ag\u00eancia Brasil<\/p>\n","protected":false},"excerpt":{"rendered":"<p>Os participantes do Exame Nacional do Ensino M\u00e9dio (Enem) 2018 j\u00e1 podem ter acesso \u00e0 corre\u00e7\u00e3o da reda\u00e7\u00e3o para fins pedag\u00f3gicos. O Instituto Nacional de Estudos e Pesquisas Educacionais An\u00edsio (Inep) divulgou na manh\u00e3 desta ter\u00e7a-feira, 19, os espelhos da reda\u00e7\u00e3o na\u00a0P\u00e1gina do Participante\u00a0do exame. Com o espelho, os estudantes podem conferir o que erraram [&hellip;]<\/p>\n","protected":false},"author":96,"featured_media":104538,"comment_status":"closed","ping_status":"closed","sticky":false,"template":"","format":"standard","meta":{"footnotes":""},"categories":[302,436,262,439],"tags":[],"class_list":["post-136176","post","type-post","status-publish","format-standard","has-post-thumbnail","hentry","category-brasil-mundo","category-destaque-da-semana","category-noticias","category-ultima-hora"],"_links":{"self":[{"href":"https:\/\/diarioregionaldigital.com.br\/index.php?rest_route=\/wp\/v2\/posts\/136176","targetHints":{"allow":["GET"]}}],"collection":[{"href":"https:\/\/diarioregionaldigital.com.br\/index.php?rest_route=\/wp\/v2\/posts"}],"about":[{"href":"https:\/\/diarioregionaldigital.com.br\/index.php?rest_route=\/wp\/v2\/types\/post"}],"author":[{"embeddable":true,"href":"https:\/\/diarioregionaldigital.com.br\/index.php?rest_route=\/wp\/v2\/users\/96"}],"replies":[{"embeddable":true,"href":"https:\/\/diarioregionaldigital.com.br\/index.php?rest_route=%2Fwp%2Fv2%2Fcomments&post=136176"}],"version-history":[{"count":0,"href":"https:\/\/diarioregionaldigital.com.br\/index.php?rest_route=\/wp\/v2\/posts\/136176\/revisions"}],"wp:featuredmedia":[{"embeddable":true,"href":"https:\/\/diarioregionaldigital.com.br\/index.php?rest_route=\/wp\/v2\/media\/104538"}],"wp:attachment":[{"href":"https:\/\/diarioregionaldigital.com.br\/index.php?rest_route=%2Fwp%2Fv2%2Fmedia&parent=136176"}],"wp:term":[{"taxonomy":"category","embeddable":true,"href":"https:\/\/diarioregionaldigital.com.br\/index.php?rest_route=%2Fwp%2Fv2%2Fcategories&post=136176"},{"taxonomy":"post_tag","embeddable":true,"href":"https:\/\/diarioregionaldigital.com.br\/index.php?rest_route=%2Fwp%2Fv2%2Ftags&post=136176"}],"curies":[{"name":"wp","href":"https:\/\/api.w.org\/{rel}","templated":true}]}}