{"id":136170,"date":"2019-03-19T13:30:15","date_gmt":"2019-03-19T16:30:15","guid":{"rendered":"https:\/\/diarioregionaldigital.com.br\/?p=136170"},"modified":"2019-03-19T13:30:15","modified_gmt":"2019-03-19T16:30:15","slug":"brasil-e-mexico-passam-a-ter-livre-comercio-de-veiculos-leves","status":"publish","type":"post","link":"https:\/\/diarioregionaldigital.com.br\/?p=136170","title":{"rendered":"Brasil e M\u00e9xico passam a ter livre com\u00e9rcio de ve\u00edculos leves"},"content":{"rendered":"<p>A partir desta ter\u00e7a-feira, 19, Brasil e M\u00e9xico passam a ter livre com\u00e9rcio de ve\u00edculos leves, sem a cobran\u00e7a de tarifas ou limita\u00e7\u00e3o quantitativa. A medida est\u00e1 prevista no Acordo de Complementa\u00e7\u00e3o Econ\u00f4mica n\u00ba 55 (ACE-55), que regula o com\u00e9rcio automotivo e a integra\u00e7\u00e3o produtiva entre os dois pa\u00edses desde 2002.<\/p>\n<p>O fim do regime de cotas para ve\u00edculos leves neste ano estava previsto em acordo firmado em 2015. A partir de hoje, tamb\u00e9m deixa de vigorar a lista de exce\u00e7\u00f5es, que previa regras de origem espec\u00edficas para autope\u00e7as.<\/p>\n<p>\u201cO retorno ao livre com\u00e9rcio automotivo entre Brasil e M\u00e9xico \u00e9 passo importante para aprofundar o relacionamento comercial entre as duas maiores economias da Am\u00e9rica Latina\u201d, disseram, em nota, os minist\u00e9rios da Economia e das Rela\u00e7\u00f5es Exteriores.<\/p>\n<p>A partir de 2020, est\u00e1 previsto o livre com\u00e9rcio tamb\u00e9m para ve\u00edculos pesados (caminh\u00f5es e \u00f4nibus) e suas autope\u00e7as.<\/p>\n<p>\u201cAdicionalmente, o governo brasileiro tem grande interesse em ampliar o livre com\u00e9rcio com o M\u00e9xico para outros setores, tanto industriais quanto agr\u00edcolas, com a inclus\u00e3o de mat\u00e9rias sanit\u00e1rias e fitossanit\u00e1rias, facilita\u00e7\u00e3o de com\u00e9rcio e barreiras t\u00e9cnicas ao com\u00e9rcio, conforme compromisso assumido anteriormente nas negocia\u00e7\u00f5es do Acordo de Complementa\u00e7\u00e3o Econ\u00f4mica n\u00ba 53 (ACE-53)\u201d, diz a nota.<\/p>\n<p>\u201cDentro de uma din\u00e2mica de abertura e de aproveitamento do pleno potencial das duas maiores economias da Am\u00e9rica Latina, o Governo brasileiro pretende retomar as negocia\u00e7\u00f5es para um acordo mais abrangente de livre com\u00e9rcio com o M\u00e9xico, paralisadas desde 2017.\u201d<\/p>\n<p>&nbsp;<\/p>\n<p>Fonte: Ag\u00eancia Brasil<\/p>\n","protected":false},"excerpt":{"rendered":"<p>A partir desta ter\u00e7a-feira, 19, Brasil e M\u00e9xico passam a ter livre com\u00e9rcio de ve\u00edculos leves, sem a cobran\u00e7a de tarifas ou limita\u00e7\u00e3o quantitativa. A medida est\u00e1 prevista no Acordo de Complementa\u00e7\u00e3o Econ\u00f4mica n\u00ba 55 (ACE-55), que regula o com\u00e9rcio automotivo e a integra\u00e7\u00e3o produtiva entre os dois pa\u00edses desde 2002. O fim do regime [&hellip;]<\/p>\n","protected":false},"author":96,"featured_media":136171,"comment_status":"closed","ping_status":"closed","sticky":false,"template":"","format":"standard","meta":{"footnotes":""},"categories":[302,436,261,262,439],"tags":[],"class_list":["post-136170","post","type-post","status-publish","format-standard","has-post-thumbnail","hentry","category-brasil-mundo","category-destaque-da-semana","category-economia","category-noticias","category-ultima-hora"],"_links":{"self":[{"href":"https:\/\/diarioregionaldigital.com.br\/index.php?rest_route=\/wp\/v2\/posts\/136170","targetHints":{"allow":["GET"]}}],"collection":[{"href":"https:\/\/diarioregionaldigital.com.br\/index.php?rest_route=\/wp\/v2\/posts"}],"about":[{"href":"https:\/\/diarioregionaldigital.com.br\/index.php?rest_route=\/wp\/v2\/types\/post"}],"author":[{"embeddable":true,"href":"https:\/\/diarioregionaldigital.com.br\/index.php?rest_route=\/wp\/v2\/users\/96"}],"replies":[{"embeddable":true,"href":"https:\/\/diarioregionaldigital.com.br\/index.php?rest_route=%2Fwp%2Fv2%2Fcomments&post=136170"}],"version-history":[{"count":0,"href":"https:\/\/diarioregionaldigital.com.br\/index.php?rest_route=\/wp\/v2\/posts\/136170\/revisions"}],"wp:featuredmedia":[{"embeddable":true,"href":"https:\/\/diarioregionaldigital.com.br\/index.php?rest_route=\/wp\/v2\/media\/136171"}],"wp:attachment":[{"href":"https:\/\/diarioregionaldigital.com.br\/index.php?rest_route=%2Fwp%2Fv2%2Fmedia&parent=136170"}],"wp:term":[{"taxonomy":"category","embeddable":true,"href":"https:\/\/diarioregionaldigital.com.br\/index.php?rest_route=%2Fwp%2Fv2%2Fcategories&post=136170"},{"taxonomy":"post_tag","embeddable":true,"href":"https:\/\/diarioregionaldigital.com.br\/index.php?rest_route=%2Fwp%2Fv2%2Ftags&post=136170"}],"curies":[{"name":"wp","href":"https:\/\/api.w.org\/{rel}","templated":true}]}}