{"id":136166,"date":"2019-03-19T13:27:13","date_gmt":"2019-03-19T16:27:13","guid":{"rendered":"https:\/\/diarioregionaldigital.com.br\/?p=136166"},"modified":"2019-03-19T13:27:37","modified_gmt":"2019-03-19T16:27:37","slug":"inflacao-do-aluguel-e-de-805-em-12-meses","status":"publish","type":"post","link":"https:\/\/diarioregionaldigital.com.br\/?p=136166","title":{"rendered":"Infla\u00e7\u00e3o do aluguel \u00e9 de 8,05% em 12 meses"},"content":{"rendered":"<p>O \u00cdndice Geral de Pre\u00e7os\u2013Mercado (IGP-M), usado no reajuste de contratos de aluguel, registrou infla\u00e7\u00e3o de 1,06% na segunda pr\u00e9via de mar\u00e7o.<\/p>\n<p>O resultado ficou acima da infla\u00e7\u00e3o verificada na segunda pr\u00e9via de fevereiro (0,55%).<\/p>\n<p>Os dados foram divulgados nesta ter\u00e7a-feira, 19, no Rio de Janeiro, pela Funda\u00e7\u00e3o Get\u00falio Vargas (FGV).<\/p>\n<p>A infla\u00e7\u00e3o pelo IGP-M \u00e9 de 8,05% em doze meses.<\/p>\n<p>A alta da taxa foi puxada pelos pre\u00e7os no atacado e no varejo. A infla\u00e7\u00e3o do \u00cdndice de Pre\u00e7os ao Produtor Amplo, que mede o atacado, subiu de 0,73% em fevereiro para 1,41% em mar\u00e7o.<\/p>\n<p>J\u00e1 o \u00cdndice de Pre\u00e7os ao Consumidor, que mede o varejo, passou de 0,17% para 0,5% no per\u00edodo.<\/p>\n<p>E o \u00cdndice Nacional de Custo da Constru\u00e7\u00e3o teve queda. Ele passou de 0,29% na pr\u00e9via de fevereiro para 0,11% na pr\u00e9via de mar\u00e7o.<\/p>\n<p>&nbsp;<\/p>\n<p>Fonte: Ag\u00eancia Brasil<\/p>\n","protected":false},"excerpt":{"rendered":"<p>O \u00cdndice Geral de Pre\u00e7os\u2013Mercado (IGP-M), usado no reajuste de contratos de aluguel, registrou infla\u00e7\u00e3o de 1,06% na segunda pr\u00e9via de mar\u00e7o. O resultado ficou acima da infla\u00e7\u00e3o verificada na segunda pr\u00e9via de fevereiro (0,55%). Os dados foram divulgados nesta ter\u00e7a-feira, 19, no Rio de Janeiro, pela Funda\u00e7\u00e3o Get\u00falio Vargas (FGV). A infla\u00e7\u00e3o pelo IGP-M [&hellip;]<\/p>\n","protected":false},"author":96,"featured_media":136167,"comment_status":"closed","ping_status":"closed","sticky":false,"template":"","format":"standard","meta":{"footnotes":""},"categories":[436,261,262,439],"tags":[],"class_list":["post-136166","post","type-post","status-publish","format-standard","has-post-thumbnail","hentry","category-destaque-da-semana","category-economia","category-noticias","category-ultima-hora"],"_links":{"self":[{"href":"https:\/\/diarioregionaldigital.com.br\/index.php?rest_route=\/wp\/v2\/posts\/136166","targetHints":{"allow":["GET"]}}],"collection":[{"href":"https:\/\/diarioregionaldigital.com.br\/index.php?rest_route=\/wp\/v2\/posts"}],"about":[{"href":"https:\/\/diarioregionaldigital.com.br\/index.php?rest_route=\/wp\/v2\/types\/post"}],"author":[{"embeddable":true,"href":"https:\/\/diarioregionaldigital.com.br\/index.php?rest_route=\/wp\/v2\/users\/96"}],"replies":[{"embeddable":true,"href":"https:\/\/diarioregionaldigital.com.br\/index.php?rest_route=%2Fwp%2Fv2%2Fcomments&post=136166"}],"version-history":[{"count":0,"href":"https:\/\/diarioregionaldigital.com.br\/index.php?rest_route=\/wp\/v2\/posts\/136166\/revisions"}],"wp:featuredmedia":[{"embeddable":true,"href":"https:\/\/diarioregionaldigital.com.br\/index.php?rest_route=\/wp\/v2\/media\/136167"}],"wp:attachment":[{"href":"https:\/\/diarioregionaldigital.com.br\/index.php?rest_route=%2Fwp%2Fv2%2Fmedia&parent=136166"}],"wp:term":[{"taxonomy":"category","embeddable":true,"href":"https:\/\/diarioregionaldigital.com.br\/index.php?rest_route=%2Fwp%2Fv2%2Fcategories&post=136166"},{"taxonomy":"post_tag","embeddable":true,"href":"https:\/\/diarioregionaldigital.com.br\/index.php?rest_route=%2Fwp%2Fv2%2Ftags&post=136166"}],"curies":[{"name":"wp","href":"https:\/\/api.w.org\/{rel}","templated":true}]}}