{"id":136162,"date":"2019-03-18T23:41:53","date_gmt":"2019-03-19T02:41:53","guid":{"rendered":"https:\/\/diarioregionaldigital.com.br\/?p=136162"},"modified":"2019-03-18T23:41:53","modified_gmt":"2019-03-19T02:41:53","slug":"fagner-esta-convocado-para-a-selecao-brasileira","status":"publish","type":"post","link":"https:\/\/diarioregionaldigital.com.br\/?p=136162","title":{"rendered":"F\u00e1gner est\u00e1 convocado para a Sele\u00e7\u00e3o Brasileira"},"content":{"rendered":"<p>F\u00e1gner, lateral-direito do Corinthians, est\u00e1 convocado para a Sele\u00e7\u00e3o Brasileira. Ele ser\u00e1 o substituto de Daniel Alves, desconvocado ap\u00f3s uma les\u00e3o no joelho esquerdo.<\/p>\n<p>Aos 29 anos, F\u00e1gner tem oito jogos pela Sele\u00e7\u00e3o Brasileira. Quatro deles disputados na \u00faltima Copa do Mundo, na R\u00fassia.<\/p>\n<p>Ap\u00f3s ser definida a desconvoca\u00e7\u00e3o de Daniel Alves, o coordenador da Sele\u00e7\u00e3o, Edu Gaspar, entrou em contato com o Corinthians para comunicar a decis\u00e3o.<\/p>\n<p>\u201cO F\u00e1gner nunca saiu do nosso radar de observa\u00e7\u00f5es. Estamos falando de um jogador que esteve conosco na Copa do Mundo e que sabemos da qualidade e do que pode entregar nos jogos deste per\u00edodo Fifa\u201d, disse Edu Gaspar.<\/p>\n<p>Edu tamb\u00e9m ressaltou a import\u00e2ncia de Dani para a Sele\u00e7\u00e3o e garantiu que o lateral seguir\u00e1 sendo observado pela comiss\u00e3o.<\/p>\n<p>\u201cN\u00e3o fechamos as portas para os atletas. Ainda mais para um l\u00edder e um jogador da import\u00e2ncia do Dani dentro do futebol e da Sele\u00e7\u00e3o. Falamos com ele hoje e desejamos sua pronta recupera\u00e7\u00e3o.\u201d<\/p>\n<p><strong>Fonte: CBF <\/strong><\/p>\n<p>&nbsp;<\/p>\n","protected":false},"excerpt":{"rendered":"<p>F\u00e1gner, lateral-direito do Corinthians, est\u00e1 convocado para a Sele\u00e7\u00e3o Brasileira. Ele ser\u00e1 o substituto de Daniel Alves, desconvocado ap\u00f3s uma les\u00e3o no joelho esquerdo. Aos 29 anos, F\u00e1gner tem oito jogos pela Sele\u00e7\u00e3o Brasileira. Quatro deles disputados na \u00faltima Copa do Mundo, na R\u00fassia. Ap\u00f3s ser definida a desconvoca\u00e7\u00e3o de Daniel Alves, o coordenador da [&hellip;]<\/p>\n","protected":false},"author":96,"featured_media":136163,"comment_status":"closed","ping_status":"closed","sticky":false,"template":"","format":"standard","meta":{"footnotes":""},"categories":[257,439],"tags":[],"class_list":["post-136162","post","type-post","status-publish","format-standard","has-post-thumbnail","hentry","category-esporte","category-ultima-hora"],"_links":{"self":[{"href":"https:\/\/diarioregionaldigital.com.br\/index.php?rest_route=\/wp\/v2\/posts\/136162","targetHints":{"allow":["GET"]}}],"collection":[{"href":"https:\/\/diarioregionaldigital.com.br\/index.php?rest_route=\/wp\/v2\/posts"}],"about":[{"href":"https:\/\/diarioregionaldigital.com.br\/index.php?rest_route=\/wp\/v2\/types\/post"}],"author":[{"embeddable":true,"href":"https:\/\/diarioregionaldigital.com.br\/index.php?rest_route=\/wp\/v2\/users\/96"}],"replies":[{"embeddable":true,"href":"https:\/\/diarioregionaldigital.com.br\/index.php?rest_route=%2Fwp%2Fv2%2Fcomments&post=136162"}],"version-history":[{"count":0,"href":"https:\/\/diarioregionaldigital.com.br\/index.php?rest_route=\/wp\/v2\/posts\/136162\/revisions"}],"wp:featuredmedia":[{"embeddable":true,"href":"https:\/\/diarioregionaldigital.com.br\/index.php?rest_route=\/wp\/v2\/media\/136163"}],"wp:attachment":[{"href":"https:\/\/diarioregionaldigital.com.br\/index.php?rest_route=%2Fwp%2Fv2%2Fmedia&parent=136162"}],"wp:term":[{"taxonomy":"category","embeddable":true,"href":"https:\/\/diarioregionaldigital.com.br\/index.php?rest_route=%2Fwp%2Fv2%2Fcategories&post=136162"},{"taxonomy":"post_tag","embeddable":true,"href":"https:\/\/diarioregionaldigital.com.br\/index.php?rest_route=%2Fwp%2Fv2%2Ftags&post=136162"}],"curies":[{"name":"wp","href":"https:\/\/api.w.org\/{rel}","templated":true}]}}