{"id":136159,"date":"2019-03-18T22:54:22","date_gmt":"2019-03-19T01:54:22","guid":{"rendered":"https:\/\/diarioregionaldigital.com.br\/?p=136159"},"modified":"2019-03-18T22:54:22","modified_gmt":"2019-03-19T01:54:22","slug":"lavras-vence-jf-e-sai-na-frente-nos-play-offs-da-superliga-b","status":"publish","type":"post","link":"https:\/\/diarioregionaldigital.com.br\/?p=136159","title":{"rendered":"Lavras vence JF e sai na frente nos play-offs da Superliga B"},"content":{"rendered":"<p>JF V\u00f4lei e Lavras V\u00f4lei iniciaram o confronto das quartas de final da Superliga B Masculina na noite desta sexta-feira, em Juiz de Fora. No primeiro jogo da s\u00e9rie melhor de tr\u00eas jogos, o time de Lavras abriu vantagem ao vencer a equipe da casa por 3 sets a 1 (parciais de 25\/19, 25\/21, 14\/25 e 25\/22).<\/p>\n<p>O segundo jogo s\u00e9rie ser\u00e1 na pr\u00f3xima quinta-feira, \u00e0s 20h, no gin\u00e1sio do LTC, em Lavras. Caso ven\u00e7a, o Lavras avan\u00e7a \u00e0 semifinal. Ao JF v\u00f4lei resta vencer para for\u00e7ar o terceiro jogo, previsto para o dia s\u00e1bado, dia 23, em Lavras.<\/p>\n","protected":false},"excerpt":{"rendered":"<p>JF V\u00f4lei e Lavras V\u00f4lei iniciaram o confronto das quartas de final da Superliga B Masculina na noite desta sexta-feira, em Juiz de Fora. No primeiro jogo da s\u00e9rie melhor de tr\u00eas jogos, o time de Lavras abriu vantagem ao vencer a equipe da casa por 3 sets a 1 (parciais de 25\/19, 25\/21, 14\/25 [&hellip;]<\/p>\n","protected":false},"author":96,"featured_media":136160,"comment_status":"closed","ping_status":"closed","sticky":false,"template":"","format":"standard","meta":{"footnotes":""},"categories":[257,439],"tags":[],"class_list":["post-136159","post","type-post","status-publish","format-standard","has-post-thumbnail","hentry","category-esporte","category-ultima-hora"],"_links":{"self":[{"href":"https:\/\/diarioregionaldigital.com.br\/index.php?rest_route=\/wp\/v2\/posts\/136159","targetHints":{"allow":["GET"]}}],"collection":[{"href":"https:\/\/diarioregionaldigital.com.br\/index.php?rest_route=\/wp\/v2\/posts"}],"about":[{"href":"https:\/\/diarioregionaldigital.com.br\/index.php?rest_route=\/wp\/v2\/types\/post"}],"author":[{"embeddable":true,"href":"https:\/\/diarioregionaldigital.com.br\/index.php?rest_route=\/wp\/v2\/users\/96"}],"replies":[{"embeddable":true,"href":"https:\/\/diarioregionaldigital.com.br\/index.php?rest_route=%2Fwp%2Fv2%2Fcomments&post=136159"}],"version-history":[{"count":0,"href":"https:\/\/diarioregionaldigital.com.br\/index.php?rest_route=\/wp\/v2\/posts\/136159\/revisions"}],"wp:featuredmedia":[{"embeddable":true,"href":"https:\/\/diarioregionaldigital.com.br\/index.php?rest_route=\/wp\/v2\/media\/136160"}],"wp:attachment":[{"href":"https:\/\/diarioregionaldigital.com.br\/index.php?rest_route=%2Fwp%2Fv2%2Fmedia&parent=136159"}],"wp:term":[{"taxonomy":"category","embeddable":true,"href":"https:\/\/diarioregionaldigital.com.br\/index.php?rest_route=%2Fwp%2Fv2%2Fcategories&post=136159"},{"taxonomy":"post_tag","embeddable":true,"href":"https:\/\/diarioregionaldigital.com.br\/index.php?rest_route=%2Fwp%2Fv2%2Ftags&post=136159"}],"curies":[{"name":"wp","href":"https:\/\/api.w.org\/{rel}","templated":true}]}}