{"id":136156,"date":"2019-03-18T22:47:57","date_gmt":"2019-03-19T01:47:57","guid":{"rendered":"https:\/\/diarioregionaldigital.com.br\/?p=136156"},"modified":"2019-03-18T22:47:57","modified_gmt":"2019-03-19T01:47:57","slug":"ademilson-completa-50-jogos-com-a-camisa-do-tupynambas-e-sonha-disputar-o-brasileiro","status":"publish","type":"post","link":"https:\/\/diarioregionaldigital.com.br\/?p=136156","title":{"rendered":"Ademilson completa 50 jogos com a camisa do Tupynamb\u00e1s e sonha disputar o Brasileiro"},"content":{"rendered":"<p>Ademilson Correa, 44 anos, um dos maiores \u00eddolos da hist\u00f3ria do futebol de Juiz de Fora, com passagens em grandes clubes do futebol brasileiro, est\u00e1 prestes a quebrar mais uma marca em sua carreira. O experiente atacante do Le\u00e3o do Po\u00e7o Rico, completou neste domingo, diante da Caldense, em Po\u00e7os de Caldas, 50 jogos com a camisa do Baeta.<\/p>\n<p>Ademilson chegou ao Baeta, justamente no ano do retorno do clube ao futebol profissional, ap\u00f3s nove anos de inatividade. No ano de 2016, o Baeta vinha de um longo hiato, e na sua volta, apostou em um elenco mesclando atletas jovens com jogadores mais experientes, dentre eles, Ad\u00ea. Ademito, como sempre foi carinhosamente chamado, era uma das principais refer\u00eancias da equipe, ali\u00e1s, era o capit\u00e3o do time. Com uma performance fant\u00e1stica, o atacante marcou nove gols em 16 partidas, sagrando-se artilheiro da competi\u00e7\u00e3o, contribuindo de maneira significativa para o t\u00edtulo do Le\u00e3o do Po\u00e7o Rico.<\/p>\n<p>No ano seguinte, Ad\u00ea chegou ao clube apenas para a disputa do Hexagonal decisivo do M\u00f3dulo II do Campeonato Mineiro. Atuou em nove jogos, marcando dois gols. A equipe acabou n\u00e3o conseguindo o objetivo do acesso desta vez.<\/p>\n<p>Em 2018, Ademilson, mais uma vez, foi chamado para ser uma das refer\u00eancias do time. Atuou em todos os jogos da competi\u00e7\u00e3o e predestinado que \u00e9, saiu dos p\u00e9s dele, aos 43 minutos do segundo tempo, em partida v\u00e1lida pelas semifinais do M\u00f3dulo II, em Te\u00f3filo Otoni, diante do Am\u00e9rica, o gol da vit\u00f3ria do Baeta por 2 a 1, que levou o clube juizforano para a elite do futebol mineiro ap\u00f3s quase 50 anos.<\/p>\n<p>Mesmo aos 44 anos de idade, Ad\u00ea continua brilhando nos gramados de Minas Gerais. Nessa temporada, o atacante \u00e9 o artilheiro do Tupynamb\u00e1s no M\u00f3dulo I do Campeonato Mineiro com tr\u00eas gols. Mais que \u00e9 um jogador com faro de gols, Ademilson Correa \u00e9 um profissional da mais alta qualidade, dentro e fora de campo, um verdadeiro exemplo para os demais companheiros de elenco.<\/p>\n<p>Ad\u00ea, que vem marcando hist\u00f3ria no futebol de Juiz de Fora, conquistando t\u00edtulos e acessos, al\u00e9m de ser o maior artilheiro do Est\u00e1dio Municipal Radialista M\u00e1rio Hel\u00eanio,com mais de 50 gols, agora alcan\u00e7a mais um feito, atingindo 50 jogos com a camisa do Le\u00e3o, contudo, ele ainda tem metas e sonhos a realizar:<\/p>\n<p>\u201cMais uma vez \u00e9 gratificante, estar atingindo essa marca a\u00ed e poder estar ajudando o clube e meus companheiros, \u00e9 um momento muito legal. E eu espero atingir cada vez mais meus objetivos aqui no Baeta e quem sabe a\u00ed realizar um sonho que eu tenho, \u00a0que \u00e9 de disputar o Campeonato Brasileiro com a camisa do Tupynamb\u00e1s, espero que eu consiga tamb\u00e9m estar atingindo esse objetivo\u201d.<\/p>\n<p>Ademilson com a camisa do Tupynamb\u00e1s Futebol Clube:<\/p>\n<p>Estreia: 31\/07\/2016 \u2013 Tupynamb\u00e1s 2 x 1 Ponte Nova (M\u00e1rio Hel\u00eanio) \u2013 Campeonato Mineiro Segunda Divis\u00e3o<\/p>\n<p>2016: 16 jogos \u2013 9 gols<\/p>\n<p>2017: 9 jogos \u2013 2 gols<\/p>\n<p>2018: 15 jogos \u2013 4 gols<\/p>\n<p>2019: 9 jogos \u2013 3 gols<\/p>\n<p>Totalizando 49 jogos e 18 gols marcados.<\/p>\n<p>Conquistas: Campe\u00e3o Mineiro da Segunda Divis\u00e3o 2016; Vice-campe\u00e3o Mineiro do M\u00f3dulo II 2018 (Acesso \u00e0 elite do futebol mineiro)<\/p>\n<p><strong>Fonte: Tupynamb\u00e1s FC <\/strong><\/p>\n","protected":false},"excerpt":{"rendered":"<p>Ademilson Correa, 44 anos, um dos maiores \u00eddolos da hist\u00f3ria do futebol de Juiz de Fora, com passagens em grandes clubes do futebol brasileiro, est\u00e1 prestes a quebrar mais uma marca em sua carreira. O experiente atacante do Le\u00e3o do Po\u00e7o Rico, completou neste domingo, diante da Caldense, em Po\u00e7os de Caldas, 50 jogos com [&hellip;]<\/p>\n","protected":false},"author":96,"featured_media":136157,"comment_status":"closed","ping_status":"closed","sticky":false,"template":"","format":"standard","meta":{"footnotes":""},"categories":[257,439],"tags":[],"class_list":["post-136156","post","type-post","status-publish","format-standard","has-post-thumbnail","hentry","category-esporte","category-ultima-hora"],"_links":{"self":[{"href":"https:\/\/diarioregionaldigital.com.br\/index.php?rest_route=\/wp\/v2\/posts\/136156","targetHints":{"allow":["GET"]}}],"collection":[{"href":"https:\/\/diarioregionaldigital.com.br\/index.php?rest_route=\/wp\/v2\/posts"}],"about":[{"href":"https:\/\/diarioregionaldigital.com.br\/index.php?rest_route=\/wp\/v2\/types\/post"}],"author":[{"embeddable":true,"href":"https:\/\/diarioregionaldigital.com.br\/index.php?rest_route=\/wp\/v2\/users\/96"}],"replies":[{"embeddable":true,"href":"https:\/\/diarioregionaldigital.com.br\/index.php?rest_route=%2Fwp%2Fv2%2Fcomments&post=136156"}],"version-history":[{"count":0,"href":"https:\/\/diarioregionaldigital.com.br\/index.php?rest_route=\/wp\/v2\/posts\/136156\/revisions"}],"wp:featuredmedia":[{"embeddable":true,"href":"https:\/\/diarioregionaldigital.com.br\/index.php?rest_route=\/wp\/v2\/media\/136157"}],"wp:attachment":[{"href":"https:\/\/diarioregionaldigital.com.br\/index.php?rest_route=%2Fwp%2Fv2%2Fmedia&parent=136156"}],"wp:term":[{"taxonomy":"category","embeddable":true,"href":"https:\/\/diarioregionaldigital.com.br\/index.php?rest_route=%2Fwp%2Fv2%2Fcategories&post=136156"},{"taxonomy":"post_tag","embeddable":true,"href":"https:\/\/diarioregionaldigital.com.br\/index.php?rest_route=%2Fwp%2Fv2%2Ftags&post=136156"}],"curies":[{"name":"wp","href":"https:\/\/api.w.org\/{rel}","templated":true}]}}